{"id":21798,"date":"2018-09-20T15:04:47","date_gmt":"2018-09-20T15:04:47","guid":{"rendered":"http:\/\/magisdesing.com\/\/tavoli-mila-ora-disponibili\/"},"modified":"2018-09-20T15:04:47","modified_gmt":"2018-09-20T15:04:47","slug":"tavoli-mila-ora-disponibili","status":"publish","type":"post","link":"https:\/\/www.magisdesign.com\/it\/tavoli-mila-ora-disponibili\/","title":{"rendered":"Tavoli Mil\u00e0: ora disponibili!"},"content":{"rendered":"<p>Immaginando \u201cdi fare con la plastica quello che \u00e8 impossibile fare con il legno\u201d, dalla creativit\u00e0 di Jaime Hay\u00f3n unita al know-how di Magis, tre anni fa \u00e8 nata la sedia Mil\u00e0.<\/p>\n<p>Elastica e ricca di movimento, prende spunto dalle forme del modernismo catalano di cui Antoni Gaud\u00ed fu il pi\u00f9 grande rappresentante tra il XIX e l&#8217;inizio del XX secolo.<\/p>\n<p>Casa Mil\u00e0 \u00e8 stata la principale fonte di ispirazione, assieme a casa Battl\u00f3, per il processo di progettazione che ha portato alla creazione della sedia Mil\u00e0 di Jaime Hay\u00f3n. L\u2019artista-designer spagnolo ha estrapolato dall\u2019incomparabile linguaggio architettonico del grande architetto il concetto della forma che non riveste, ma realizza la struttura, e del colore che non ricopre, ma si immedesima con la forma, applicandolo ad un oggetto di uso quotidiano e conferendogli cos\u00ec un\u2019espressivit\u00e0 artistica.<\/p>\n<p>Forme morbide e dinamiche che oggi si estrinsecano anche nei tavoli Mil\u00e0, con la loro struttura in tubo di acciaio verniciato che riprende la caratteristica sinuosit\u00e0 del progetto. Disponibili in varie dimensioni e colori e con piani in diversi materiali &#8211; HPL, impiallacciato rovere naturale o in marmo di Carrara, Marquinia o Emperador, e in una versione adatta anche per l\u2019esterno, sono perfetti per essere abbinati all\u2019omonima sedia, ma il loro stile \u00e8 cos\u00ec leggero e versatile che si possono accostare a qualsiasi tipo di arredamento, liberi di esprimere spontaneamente il carattere unico e vivace proprio di Mil\u00e0.<\/p>\n","protected":false},"excerpt":{"rendered":"<p>Immaginando \u201cdi fare con la plastica quello che \u00e8 impossibile fare con il legno\u201d, dalla creativit\u00e0 di Jaime Hay\u00f3n unita al know-how di Magis, tre anni fa \u00e8 nata la sedia Mil\u00e0. Elastica e ricca di movimento, prende spunto dalle forme del modernismo catalano di cui Antoni Gaud\u00ed fu il pi\u00f9 grande rappresentante tra il&#8230;<\/p>\n","protected":false},"author":3,"featured_media":0,"comment_status":"closed","ping_status":"closed","sticky":false,"template":"","format":"standard","meta":{"_acf_changed":false,"footnotes":""},"categories":[65],"tags":[],"class_list":["post-21798","post","type-post","status-publish","format-standard","hentry","category-disponibili-it"],"acf":[],"_links":{"self":[{"href":"https:\/\/www.magisdesign.com\/it\/wp-json\/wp\/v2\/posts\/21798","targetHints":{"allow":["GET"]}}],"collection":[{"href":"https:\/\/www.magisdesign.com\/it\/wp-json\/wp\/v2\/posts"}],"about":[{"href":"https:\/\/www.magisdesign.com\/it\/wp-json\/wp\/v2\/types\/post"}],"author":[{"embeddable":true,"href":"https:\/\/www.magisdesign.com\/it\/wp-json\/wp\/v2\/users\/3"}],"replies":[{"embeddable":true,"href":"https:\/\/www.magisdesign.com\/it\/wp-json\/wp\/v2\/comments?post=21798"}],"version-history":[{"count":0,"href":"https:\/\/www.magisdesign.com\/it\/wp-json\/wp\/v2\/posts\/21798\/revisions"}],"wp:attachment":[{"href":"https:\/\/www.magisdesign.com\/it\/wp-json\/wp\/v2\/media?parent=21798"}],"wp:term":[{"taxonomy":"category","embeddable":true,"href":"https:\/\/www.magisdesign.com\/it\/wp-json\/wp\/v2\/categories?post=21798"},{"taxonomy":"post_tag","embeddable":true,"href":"https:\/\/www.magisdesign.com\/it\/wp-json\/wp\/v2\/tags?post=21798"}],"curies":[{"name":"wp","href":"https:\/\/api.w.org\/{rel}","templated":true}]}}