{"id":20643,"date":"2013-02-08T10:27:26","date_gmt":"2013-02-08T09:27:26","guid":{"rendered":"http:\/\/magisdesing.com\/\/design-post-colonia-4\/"},"modified":"2013-02-08T10:27:26","modified_gmt":"2013-02-08T09:27:26","slug":"design-post-colonia-4","status":"publish","type":"post","link":"https:\/\/www.magisdesign.com\/it\/design-post-colonia-4\/","title":{"rendered":"Design Post, Colonia"},"content":{"rendered":"<p>In occasione della Internationale M\u00f6bel Messe di Colonia dello scorso gennaio, Magis si \u00e8 presentata con un nuovo allestimento presso Design Post, focalizzando l&#8217;attenzione sui pezzi pi\u00f9 recenti, in particolare su Zartan e S.S.S.S. (design Philippe Starck), su Cyborg e Troy (design Marcel Wanders) e su Pila (design Ronan &amp; Erwan Bouroullec).<br \/>\nMagis \u00e8 stata inoltre protagonista di diversi eventi che si sono svolti a Colonia durante la settimana della fiera e precisamente:<br \/>\n&#8211; della mostra &#8220;&#8221;Die vierh\u00e4ndige Gestaltung&#8221;&#8221; presso il K\u00f6lnischer Kunstverein che \u00e8 stata dedicata a Ronan ed Erwan Bouroullec per la nomina a A&amp;W Designers of the Year 2013 (con Striped Collection, Steelwood Family fino ai pi\u00f9 recenti tavoli Baguette, Tambour e Central e alla sedia Pila);<br \/>\n&#8211; della mostra &#8220;&#8221;Isn&#8217;t it Romantic? Contemporary Design balancing between Poetry and Provocation&#8221;&#8221; in corso fino al 21 aprile presso il Musuem f\u00fcr angewandte Kunst (con le sedie e il tavolo Vigna); <br \/>\n&#8211; della mostra &#8220;&#8221;das Haus 2013- Interiors on Stage&#8221;&#8221; a cura del designer Luca Nichetto presso gli spazi della fiera (con Cu-Clock e Steelwood Chair);<br \/>\n&#8211; dell&#8217;allestimento dello showroom Kvadrat al Design Post per il lancio di un nuovo prodotto disegnato dal duo Bouroullec (con il tavolo Baguette e le sedie Steelwood Chair).<\/p>\n","protected":false},"excerpt":{"rendered":"<p>In occasione della Internationale M\u00f6bel Messe di Colonia dello scorso gennaio, Magis si \u00e8 presentata con un nuovo allestimento presso Design Post, focalizzando l&#8217;attenzione sui pezzi pi\u00f9 recenti, in particolare su Zartan e S.S.S.S. (design Philippe Starck), su Cyborg e Troy (design Marcel Wanders) e su Pila (design Ronan &amp; Erwan Bouroullec). Magis \u00e8 stata&#8230;<\/p>\n","protected":false},"author":1,"featured_media":0,"comment_status":"closed","ping_status":"closed","sticky":false,"template":"","format":"standard","meta":{"_acf_changed":false,"footnotes":""},"categories":[71],"tags":[],"class_list":["post-20643","post","type-post","status-publish","format-standard","hentry","category-eventi-it"],"acf":[],"_links":{"self":[{"href":"https:\/\/www.magisdesign.com\/it\/wp-json\/wp\/v2\/posts\/20643","targetHints":{"allow":["GET"]}}],"collection":[{"href":"https:\/\/www.magisdesign.com\/it\/wp-json\/wp\/v2\/posts"}],"about":[{"href":"https:\/\/www.magisdesign.com\/it\/wp-json\/wp\/v2\/types\/post"}],"author":[{"embeddable":true,"href":"https:\/\/www.magisdesign.com\/it\/wp-json\/wp\/v2\/users\/1"}],"replies":[{"embeddable":true,"href":"https:\/\/www.magisdesign.com\/it\/wp-json\/wp\/v2\/comments?post=20643"}],"version-history":[{"count":0,"href":"https:\/\/www.magisdesign.com\/it\/wp-json\/wp\/v2\/posts\/20643\/revisions"}],"wp:attachment":[{"href":"https:\/\/www.magisdesign.com\/it\/wp-json\/wp\/v2\/media?parent=20643"}],"wp:term":[{"taxonomy":"category","embeddable":true,"href":"https:\/\/www.magisdesign.com\/it\/wp-json\/wp\/v2\/categories?post=20643"},{"taxonomy":"post_tag","embeddable":true,"href":"https:\/\/www.magisdesign.com\/it\/wp-json\/wp\/v2\/tags?post=20643"}],"curies":[{"name":"wp","href":"https:\/\/api.w.org\/{rel}","templated":true}]}}