{"id":19979,"date":"2010-04-23T11:41:50","date_gmt":"2010-04-23T10:41:50","guid":{"rendered":"http:\/\/magisdesing.com\/\/magis-e-festivaldellecittaimprese-montebelluna-asolo-tv-22-24-aprile-2\/"},"modified":"2010-04-23T11:41:50","modified_gmt":"2010-04-23T10:41:50","slug":"magis-e-festivaldellecittaimprese-montebelluna-asolo-tv-22-24-aprile-2","status":"publish","type":"post","link":"https:\/\/www.magisdesign.com\/it\/magis-e-festivaldellecittaimprese-montebelluna-asolo-tv-22-24-aprile-2\/","title":{"rendered":"Magis e FestivaldelleCitt\u00e0Imprese, Montebelluna-Asolo (TV), 22-24 aprile"},"content":{"rendered":"<p>&#8220;&#8221;Il design come fattore competitivo&#8221;&#8221;<\/p>\n<p>Promosso da Nordesteuropa.it e dal Corriere della Sera, il Festival delle Citt\u00e0 Impresa, coinvolge alcune citt\u00e0 simbolo della vita culturale e imprenditoriale di Veneto, Trentino e Friuli Venezia Giulia, intorno al tema \u201cLa cultura ci fa ricchi\u201d, in vista della candidatura del Nord Est a capitale europea della cultura 2019.<\/p>\n<p>A Montebelluna ed Asolo, il Festival propone il tema &#8220;&#8221;Il design come fattore competitivo&#8221;&#8221;.<br \/>\nTra il 22 e il 24 aprile si parler\u00e0 dunque del rapporto tra design, cultura e impresa, tra design e sostenibilit\u00e0, moda e comunicazione alla presenza di esponenti delle pi\u00f9 importanti aziende del territorio che si sono affermate a livello internazionale grazie al design, alla presenza di designer, ma anche di rappresentanti delle istituzioni e del mondo dell\u2019universit\u00e0.<\/p>\n<p>Venerd\u00ec 23 aprile presso il municipio di Asolo si affronter\u00e0 il tema del rapporto tra creativit\u00e0 e produzione in due incontri: uno alle 18 con protagonisti gli imprenditori, tra cui anche Eugenio Perazza di Magis, e uno alle 21 con protagonisti i designer.<br \/>\nDue incontri speculari in cui il tema del design come fattore competitivo verr\u00e0 affrontato da due punti di vista diversi, ma necessariamente complementari.<\/p>\n<p>Durante il Festival, Magis sar\u00e0 anche protagonista di una speciale esposizione dedicata al design contemporaneo nelle sale del Museo Civico di Asolo.<br \/>\nAccanto ai reperti archeologici di epoca romana, ai dipinti della pinacoteca, alle sezioni dedicate ad Eleonora Duse e Caterina Cornaro, Magis presenter\u00e0 infatti una selezione di pezzi significativi della sua collezione. Una decina di oggetti simbolo del design contemporaneo (da Chair_One a Steelwood Chair, da Chair First a Vanity Chair per citarne solo alcuni) saranno affiancati alla collezione storica del museo per dare vita ad un originale percorso parallelo, fatto di sedie, poltroncine, sgabelli firmati da alcuni dei maggiori designer internazionali.<\/p>\n<p>Magis sar\u00e0 inoltre anche protagonista del Festival di Vittorio Veneto: gli spazi dell\u2019Auditorium e dell\u2019Atelier dell\u2019Istituto Dante Alighieri, dove si svolgono gli eventi della manifestazione, sono infatti arredati con i prodotti della collezione Magis.<\/p>\n","protected":false},"excerpt":{"rendered":"<p>&#8220;&#8221;Il design come fattore competitivo&#8221;&#8221; Promosso da Nordesteuropa.it e dal Corriere della Sera, il Festival delle Citt\u00e0 Impresa, coinvolge alcune citt\u00e0 simbolo della vita culturale e imprenditoriale di Veneto, Trentino e Friuli Venezia Giulia, intorno al tema \u201cLa cultura ci fa ricchi\u201d, in vista della candidatura del Nord Est a capitale europea della cultura 2019&#8230;.<\/p>\n","protected":false},"author":1,"featured_media":0,"comment_status":"closed","ping_status":"closed","sticky":false,"template":"","format":"standard","meta":{"_acf_changed":false,"footnotes":""},"categories":[71],"tags":[],"class_list":["post-19979","post","type-post","status-publish","format-standard","hentry","category-eventi-it"],"acf":[],"_links":{"self":[{"href":"https:\/\/www.magisdesign.com\/it\/wp-json\/wp\/v2\/posts\/19979","targetHints":{"allow":["GET"]}}],"collection":[{"href":"https:\/\/www.magisdesign.com\/it\/wp-json\/wp\/v2\/posts"}],"about":[{"href":"https:\/\/www.magisdesign.com\/it\/wp-json\/wp\/v2\/types\/post"}],"author":[{"embeddable":true,"href":"https:\/\/www.magisdesign.com\/it\/wp-json\/wp\/v2\/users\/1"}],"replies":[{"embeddable":true,"href":"https:\/\/www.magisdesign.com\/it\/wp-json\/wp\/v2\/comments?post=19979"}],"version-history":[{"count":0,"href":"https:\/\/www.magisdesign.com\/it\/wp-json\/wp\/v2\/posts\/19979\/revisions"}],"wp:attachment":[{"href":"https:\/\/www.magisdesign.com\/it\/wp-json\/wp\/v2\/media?parent=19979"}],"wp:term":[{"taxonomy":"category","embeddable":true,"href":"https:\/\/www.magisdesign.com\/it\/wp-json\/wp\/v2\/categories?post=19979"},{"taxonomy":"post_tag","embeddable":true,"href":"https:\/\/www.magisdesign.com\/it\/wp-json\/wp\/v2\/tags?post=19979"}],"curies":[{"name":"wp","href":"https:\/\/api.w.org\/{rel}","templated":true}]}}