{"id":19834,"date":"2009-04-23T16:08:30","date_gmt":"2009-04-23T15:08:30","guid":{"rendered":"http:\/\/magisdesing.com\/\/salone-del-mobile-2009-2\/"},"modified":"2009-04-23T16:08:30","modified_gmt":"2009-04-23T15:08:30","slug":"salone-del-mobile-2009-2","status":"publish","type":"post","link":"https:\/\/www.magisdesign.com\/it\/salone-del-mobile-2009-2\/","title":{"rendered":"Salone del Mobile 2009"},"content":{"rendered":"<p>Anche quest&#8217;anno Magis \u00e8 stata grande protagonista al Salone del Mobile di Milano, dove ha presentato le sue novit\u00e0 delle collezioni Magis e Me Too in uno stand di 400 m2 al padiglione 12 (stand C01-D02), il cui il progetto espositivo \u00e8 stato curato da Elisa e Stefano Giovannoni.<\/p>\n","protected":false},"excerpt":{"rendered":"<p>Anche quest&#8217;anno Magis \u00e8 stata grande protagonista al Salone del Mobile di Milano, dove ha presentato le sue novit\u00e0 delle collezioni Magis e Me Too in uno stand di 400 m2 al padiglione 12 (stand C01-D02), il cui il progetto espositivo \u00e8 stato curato da Elisa e Stefano Giovannoni.<\/p>\n","protected":false},"author":1,"featured_media":0,"comment_status":"closed","ping_status":"closed","sticky":false,"template":"","format":"standard","meta":{"_acf_changed":false,"footnotes":""},"categories":[71],"tags":[],"class_list":["post-19834","post","type-post","status-publish","format-standard","hentry","category-eventi-it"],"acf":[],"_links":{"self":[{"href":"https:\/\/www.magisdesign.com\/it\/wp-json\/wp\/v2\/posts\/19834","targetHints":{"allow":["GET"]}}],"collection":[{"href":"https:\/\/www.magisdesign.com\/it\/wp-json\/wp\/v2\/posts"}],"about":[{"href":"https:\/\/www.magisdesign.com\/it\/wp-json\/wp\/v2\/types\/post"}],"author":[{"embeddable":true,"href":"https:\/\/www.magisdesign.com\/it\/wp-json\/wp\/v2\/users\/1"}],"replies":[{"embeddable":true,"href":"https:\/\/www.magisdesign.com\/it\/wp-json\/wp\/v2\/comments?post=19834"}],"version-history":[{"count":0,"href":"https:\/\/www.magisdesign.com\/it\/wp-json\/wp\/v2\/posts\/19834\/revisions"}],"wp:attachment":[{"href":"https:\/\/www.magisdesign.com\/it\/wp-json\/wp\/v2\/media?parent=19834"}],"wp:term":[{"taxonomy":"category","embeddable":true,"href":"https:\/\/www.magisdesign.com\/it\/wp-json\/wp\/v2\/categories?post=19834"},{"taxonomy":"post_tag","embeddable":true,"href":"https:\/\/www.magisdesign.com\/it\/wp-json\/wp\/v2\/tags?post=19834"}],"curies":[{"name":"wp","href":"https:\/\/api.w.org\/{rel}","templated":true}]}}