{"id":72160,"date":"2019-04-02T16:53:48","date_gmt":"2019-04-02T16:53:48","guid":{"rendered":"http:\/\/www.magisdesign.com\/?p=72160"},"modified":"2019-04-04T06:54:10","modified_gmt":"2019-04-04T06:54:10","slug":"magis-au-salone-del-mobile-2019","status":"publish","type":"post","link":"https:\/\/www.magisdesign.com\/fr\/magis-au-salone-del-mobile-2019\/","title":{"rendered":"Magis au Salone del Mobile 2019"},"content":{"rendered":"<p>Au Salone del Mobile 2019, Magis se propose avec un espace qui enveloppe les visiteurs dans une sensation de s\u00e9r\u00e9nit\u00e9 et de partage. L\u2019inspiration pour ce nouveau concept \u00e9labor\u00e9 par le studio su\u00e9dois Note, \u00e0 sa deuxi\u00e8me ann\u00e9e de collaboration avec Magis, est l\u2019architecture classique accueillante des cours int\u00e9rieures du palais italien traditionnel, en particulier le Palais des Doges de Venise, et du clo\u00eetre. Une recherche d\u2019expressions et de volumes \u00e0 rebours dans le temps, \u00e0 travers des arrangements architecturaux fascinants autour d\u2019une cour centrale, espace de socialisation g\u00e9n\u00e9reux et invitant, mais en m\u00eame temps intime et protecteur, interpr\u00e9t\u00e9 comme un endroit id\u00e9al d\u2019aujourd\u2019hui o\u00f9 s\u2019asseoir, parler et \u00e9changer des id\u00e9es ou simplement faire une pause. Et tout autour, la couleur de l\u2019eau, \u00e9l\u00e9ment unificateur de la ville lagunaire, qui devient la couleur dominante du stand et son aura suggestive.<\/p>\n<p>Durant la semaine du Salon, le showroom Magis de Corso Garibaldi aura un am\u00e9nagement cr\u00e9\u00e9 l\u00e0 aussi par le studio Note et d\u00e9di\u00e9 \u00e0 Plato, nouvelle chaise de Jasper Morrison. Pr\u00e9sentation \u00e0 la presse\u00a0: Lundi 8 avril, de 15h00 \u00e0 20h00<\/p>\n<p>Nous vous attendons dans le Hall 20, stand C15\/D14 et au Showroom Magis, Corso Garibaldi, 77<\/p>\n","protected":false},"excerpt":{"rendered":"<p>Au Salone del Mobile 2019, Magis se propose avec un espace qui enveloppe les visiteurs dans une sensation de s\u00e9r\u00e9nit\u00e9 et de partage. L\u2019inspiration pour ce nouveau concept \u00e9labor\u00e9 par le studio su\u00e9dois Note, \u00e0 sa deuxi\u00e8me ann\u00e9e de collaboration avec Magis, est l\u2019architecture classique accueillante des cours int\u00e9rieures du palais italien traditionnel, en particulier&#8230;<\/p>\n","protected":false},"author":3,"featured_media":0,"comment_status":"closed","ping_status":"closed","sticky":false,"template":"","format":"standard","meta":{"_acf_changed":false,"footnotes":""},"categories":[68],"tags":[],"class_list":["post-72160","post","type-post","status-publish","format-standard","hentry","category-evenements"],"acf":[],"_links":{"self":[{"href":"https:\/\/www.magisdesign.com\/fr\/wp-json\/wp\/v2\/posts\/72160","targetHints":{"allow":["GET"]}}],"collection":[{"href":"https:\/\/www.magisdesign.com\/fr\/wp-json\/wp\/v2\/posts"}],"about":[{"href":"https:\/\/www.magisdesign.com\/fr\/wp-json\/wp\/v2\/types\/post"}],"author":[{"embeddable":true,"href":"https:\/\/www.magisdesign.com\/fr\/wp-json\/wp\/v2\/users\/3"}],"replies":[{"embeddable":true,"href":"https:\/\/www.magisdesign.com\/fr\/wp-json\/wp\/v2\/comments?post=72160"}],"version-history":[{"count":0,"href":"https:\/\/www.magisdesign.com\/fr\/wp-json\/wp\/v2\/posts\/72160\/revisions"}],"wp:attachment":[{"href":"https:\/\/www.magisdesign.com\/fr\/wp-json\/wp\/v2\/media?parent=72160"}],"wp:term":[{"taxonomy":"category","embeddable":true,"href":"https:\/\/www.magisdesign.com\/fr\/wp-json\/wp\/v2\/categories?post=72160"},{"taxonomy":"post_tag","embeddable":true,"href":"https:\/\/www.magisdesign.com\/fr\/wp-json\/wp\/v2\/tags?post=72160"}],"curies":[{"name":"wp","href":"https:\/\/api.w.org\/{rel}","templated":true}]}}