{"id":21801,"date":"2018-09-20T15:04:47","date_gmt":"2018-09-20T15:04:47","guid":{"rendered":"http:\/\/magisdesing.com\/\/tables-mila-desormais-disponibles\/"},"modified":"2018-09-20T15:04:47","modified_gmt":"2018-09-20T15:04:47","slug":"tables-mila-desormais-disponibles","status":"publish","type":"post","link":"https:\/\/www.magisdesign.com\/fr\/tables-mila-desormais-disponibles\/","title":{"rendered":"Tables Mil\u00e0 : d\u00e9sormais disponibles !"},"content":{"rendered":"<p>En imaginant \u00ab\u00a0de faire avec le plastique ce qu\u2019il est impossible de faire avec le bois\u00a0\u00bb, il y a trois ans, la cr\u00e9ativit\u00e9 de Jaime Hay\u00f3n associ\u00e9e au savoir-faire de Magis donnait naissance \u00e0 la chaise Mil\u00e0.<\/p>\n<p>\u00c9lastique et pleine de mouvement, elle s\u2019inspire des formes du modernisme catalan dont Antoni Gaud\u00ed fut le plus grand repr\u00e9sentant entre le XIX<sup>e<\/sup> et le d\u00e9but du XX<sup>e<\/sup> si\u00e8cle.<\/p>\n<p>Casa Mil\u00e0 a \u00e9t\u00e9 la principale source d\u2019inspiration, avec Casa Battl\u00f3, pour le processus de conception qui a abouti \u00e0 la cr\u00e9ation de la chaise Mil\u00e0 de Jaime Hay\u00f3n. L\u2019artiste-designer espagnol a extrapol\u00e9 du langage architectural unique de Gaud\u00ed le concept de la forme qui ne rev\u00eat pas mais r\u00e9alise la structure, et de la couleur qui ne recouvre pas mais s\u2019identifie avec la forme, en l\u2019appliquant \u00e0 un objet d\u2019usage quotidien et en lui donnant ainsi une expressivit\u00e9 artistique.<\/p>\n<p>Des formes douces et dynamiques qui aujourd\u2019hui se manifestent aussi dans les tables Mil\u00e0, avec leur structure en tube d\u2019acier verni qui reprend la sinuosit\u00e9 caract\u00e9ristique du projet. Disponibles en plusieurs dimensions et couleurs et avec des plateaux de mat\u00e9riaux diff\u00e9rents &#8211; HPL, plaqu\u00e9 ch\u00eane naturel ou en marbre de Carrare, Marquinia ou Emperador, et dans une version adapt\u00e9e \u00e9galement \u00e0 une utilisation \u00e0 l\u2019ext\u00e9rieur, elles sont parfaites pour \u00eatre associ\u00e9es \u00e0 la chaise du m\u00eame nom, mais leur style est si l\u00e9ger et polyvalent qu\u2019elles peuvent s\u2019int\u00e9grer dans n\u2019importe quel type de mobilier, libres d\u2019exprimer spontan\u00e9ment le caract\u00e8re unique et vif caract\u00e9ristique de Mil\u00e0.<\/p>\n<p>&nbsp;<\/p>\n","protected":false},"excerpt":{"rendered":"<p>En imaginant \u00ab\u00a0de faire avec le plastique ce qu\u2019il est impossible de faire avec le bois\u00a0\u00bb, il y a trois ans, la cr\u00e9ativit\u00e9 de Jaime Hay\u00f3n associ\u00e9e au savoir-faire de Magis donnait naissance \u00e0 la chaise Mil\u00e0. \u00c9lastique et pleine de mouvement, elle s\u2019inspire des formes du modernisme catalan dont Antoni Gaud\u00ed fut le plus&#8230;<\/p>\n","protected":false},"author":3,"featured_media":0,"comment_status":"closed","ping_status":"closed","sticky":false,"template":"","format":"standard","meta":{"_acf_changed":false,"footnotes":""},"categories":[64],"tags":[],"class_list":["post-21801","post","type-post","status-publish","format-standard","hentry","category-disponibili-fr-2"],"acf":[],"_links":{"self":[{"href":"https:\/\/www.magisdesign.com\/fr\/wp-json\/wp\/v2\/posts\/21801","targetHints":{"allow":["GET"]}}],"collection":[{"href":"https:\/\/www.magisdesign.com\/fr\/wp-json\/wp\/v2\/posts"}],"about":[{"href":"https:\/\/www.magisdesign.com\/fr\/wp-json\/wp\/v2\/types\/post"}],"author":[{"embeddable":true,"href":"https:\/\/www.magisdesign.com\/fr\/wp-json\/wp\/v2\/users\/3"}],"replies":[{"embeddable":true,"href":"https:\/\/www.magisdesign.com\/fr\/wp-json\/wp\/v2\/comments?post=21801"}],"version-history":[{"count":0,"href":"https:\/\/www.magisdesign.com\/fr\/wp-json\/wp\/v2\/posts\/21801\/revisions"}],"wp:attachment":[{"href":"https:\/\/www.magisdesign.com\/fr\/wp-json\/wp\/v2\/media?parent=21801"}],"wp:term":[{"taxonomy":"category","embeddable":true,"href":"https:\/\/www.magisdesign.com\/fr\/wp-json\/wp\/v2\/categories?post=21801"},{"taxonomy":"post_tag","embeddable":true,"href":"https:\/\/www.magisdesign.com\/fr\/wp-json\/wp\/v2\/tags?post=21801"}],"curies":[{"name":"wp","href":"https:\/\/api.w.org\/{rel}","templated":true}]}}