{"id":20466,"date":"2012-07-19T16:12:07","date_gmt":"2012-07-19T15:12:07","guid":{"rendered":"http:\/\/magisdesing.com\/\/midsummer-special-design-post-cologne\/"},"modified":"2012-07-19T16:12:07","modified_gmt":"2012-07-19T15:12:07","slug":"midsummer-special-design-post-cologne","status":"publish","type":"post","link":"https:\/\/www.magisdesign.com\/fr\/midsummer-special-design-post-cologne\/","title":{"rendered":"Midsummer Special, Design Post, Cologne"},"content":{"rendered":"<p>Le 21 juin dernier chez le Design Post de Cologne s&rsquo;est d\u00e9roul\u00e9 l&rsquo;\u00e9v\u00e9nement \u00ab\u00a0\u00a0\u00bbMidsummer Special\u00a0\u00bb\u00a0\u00bb d\u00e9di\u00e9 aux architectes et designers et organis\u00e9 par Stylepark en collaboration avec des entreprises qui exposent chez Design Post, entre lesquelles Magis.<br \/>\nA&rsquo; partir de 17h deux br\u00e8ves conf\u00e9rences sur les sujets couleur et acoustique dans le design d&rsquo;int\u00e9rieur et l&rsquo;architecture et une conversation sur le design entre Thomas Wagner (Stylepark) et le designer\/architecte Alfredo H\u00e4berli.<br \/>\nA&rsquo; la fin de la soir\u00e9e snacks et bavardages chez le showroom Magis au Design Post.<\/p>\n","protected":false},"excerpt":{"rendered":"<p>Le 21 juin dernier chez le Design Post de Cologne s&rsquo;est d\u00e9roul\u00e9 l&rsquo;\u00e9v\u00e9nement \u00ab\u00a0\u00a0\u00bbMidsummer Special\u00a0\u00bb\u00a0\u00bb d\u00e9di\u00e9 aux architectes et designers et organis\u00e9 par Stylepark en collaboration avec des entreprises qui exposent chez Design Post, entre lesquelles Magis. A&rsquo; partir de 17h deux br\u00e8ves conf\u00e9rences sur les sujets couleur et acoustique dans le design d&rsquo;int\u00e9rieur et&#8230;<\/p>\n","protected":false},"author":1,"featured_media":0,"comment_status":"closed","ping_status":"closed","sticky":false,"template":"","format":"standard","meta":{"_acf_changed":false,"footnotes":""},"categories":[68],"tags":[],"class_list":["post-20466","post","type-post","status-publish","format-standard","hentry","category-evenements"],"acf":[],"_links":{"self":[{"href":"https:\/\/www.magisdesign.com\/fr\/wp-json\/wp\/v2\/posts\/20466","targetHints":{"allow":["GET"]}}],"collection":[{"href":"https:\/\/www.magisdesign.com\/fr\/wp-json\/wp\/v2\/posts"}],"about":[{"href":"https:\/\/www.magisdesign.com\/fr\/wp-json\/wp\/v2\/types\/post"}],"author":[{"embeddable":true,"href":"https:\/\/www.magisdesign.com\/fr\/wp-json\/wp\/v2\/users\/1"}],"replies":[{"embeddable":true,"href":"https:\/\/www.magisdesign.com\/fr\/wp-json\/wp\/v2\/comments?post=20466"}],"version-history":[{"count":0,"href":"https:\/\/www.magisdesign.com\/fr\/wp-json\/wp\/v2\/posts\/20466\/revisions"}],"wp:attachment":[{"href":"https:\/\/www.magisdesign.com\/fr\/wp-json\/wp\/v2\/media?parent=20466"}],"wp:term":[{"taxonomy":"category","embeddable":true,"href":"https:\/\/www.magisdesign.com\/fr\/wp-json\/wp\/v2\/categories?post=20466"},{"taxonomy":"post_tag","embeddable":true,"href":"https:\/\/www.magisdesign.com\/fr\/wp-json\/wp\/v2\/tags?post=20466"}],"curies":[{"name":"wp","href":"https:\/\/api.w.org\/{rel}","templated":true}]}}