{"id":20211,"date":"2011-07-14T08:59:45","date_gmt":"2011-07-14T07:59:45","guid":{"rendered":"http:\/\/magisdesing.com\/\/magis-a-levenement-kunst-und-mobel-berlin\/"},"modified":"2011-07-14T08:59:45","modified_gmt":"2011-07-14T07:59:45","slug":"magis-a-levenement-kunst-und-mobel-berlin","status":"publish","type":"post","link":"https:\/\/www.magisdesign.com\/fr\/magis-a-levenement-kunst-und-mobel-berlin\/","title":{"rendered":"Magis \u00e0 l&rsquo;\u00e9v\u00e8nement \u00ab\u00a0\u00a0\u00bbKunst und M\u00f6bel\u00a0\u00bb\u00a0\u00bb, Berlin"},"content":{"rendered":"<p>Magis a \u00e9t\u00e9 protagoniste avec notre client Lindemann Projektnet de Berlin de l&rsquo;\u00e9v\u00e8nement \u00ab\u00a0\u00a0\u00bbKunst und M\u00f6bel\u00a0\u00bb\u00a0\u00bb (qui s&rsquo;est d\u00e9roul\u00e9 \u00e0 l&rsquo;occasion du International Design Festival Berlin du 1er au 5 juin 2011) chez janinebeangallery. Dans le cadre suggestif de la galerie, Sparkling et Troy (design Marcel Wanders), Steelwood Chair et Table (design Ronan &amp; Erwan Bouroullec) ressortaient \u00e0 c\u00f4t\u00e9 des installations de Robert Junak et des tableaux de l&rsquo;exposition \u00ab\u00a0\u00a0\u00bbzwischen hier und gleich\u00a0\u00bb\u00a0\u00bb de Donata Benker.<\/p>\n","protected":false},"excerpt":{"rendered":"<p>Magis a \u00e9t\u00e9 protagoniste avec notre client Lindemann Projektnet de Berlin de l&rsquo;\u00e9v\u00e8nement \u00ab\u00a0\u00a0\u00bbKunst und M\u00f6bel\u00a0\u00bb\u00a0\u00bb (qui s&rsquo;est d\u00e9roul\u00e9 \u00e0 l&rsquo;occasion du International Design Festival Berlin du 1er au 5 juin 2011) chez janinebeangallery. Dans le cadre suggestif de la galerie, Sparkling et Troy (design Marcel Wanders), Steelwood Chair et Table (design Ronan &amp; Erwan&#8230;<\/p>\n","protected":false},"author":1,"featured_media":0,"comment_status":"closed","ping_status":"closed","sticky":false,"template":"","format":"standard","meta":{"_acf_changed":false,"footnotes":""},"categories":[68],"tags":[],"class_list":["post-20211","post","type-post","status-publish","format-standard","hentry","category-evenements"],"acf":[],"_links":{"self":[{"href":"https:\/\/www.magisdesign.com\/fr\/wp-json\/wp\/v2\/posts\/20211","targetHints":{"allow":["GET"]}}],"collection":[{"href":"https:\/\/www.magisdesign.com\/fr\/wp-json\/wp\/v2\/posts"}],"about":[{"href":"https:\/\/www.magisdesign.com\/fr\/wp-json\/wp\/v2\/types\/post"}],"author":[{"embeddable":true,"href":"https:\/\/www.magisdesign.com\/fr\/wp-json\/wp\/v2\/users\/1"}],"replies":[{"embeddable":true,"href":"https:\/\/www.magisdesign.com\/fr\/wp-json\/wp\/v2\/comments?post=20211"}],"version-history":[{"count":0,"href":"https:\/\/www.magisdesign.com\/fr\/wp-json\/wp\/v2\/posts\/20211\/revisions"}],"wp:attachment":[{"href":"https:\/\/www.magisdesign.com\/fr\/wp-json\/wp\/v2\/media?parent=20211"}],"wp:term":[{"taxonomy":"category","embeddable":true,"href":"https:\/\/www.magisdesign.com\/fr\/wp-json\/wp\/v2\/categories?post=20211"},{"taxonomy":"post_tag","embeddable":true,"href":"https:\/\/www.magisdesign.com\/fr\/wp-json\/wp\/v2\/tags?post=20211"}],"curies":[{"name":"wp","href":"https:\/\/api.w.org\/{rel}","templated":true}]}}