{"id":20162,"date":"2011-03-31T11:21:41","date_gmt":"2011-03-31T10:21:41","guid":{"rendered":"http:\/\/magisdesing.com\/\/magis-protagoniste-a-la-quatrieme-edition-du-triennale-design-museum\/"},"modified":"2011-03-31T11:21:41","modified_gmt":"2011-03-31T10:21:41","slug":"magis-protagoniste-a-la-quatrieme-edition-du-triennale-design-museum","status":"publish","type":"post","link":"https:\/\/www.magisdesign.com\/fr\/magis-protagoniste-a-la-quatrieme-edition-du-triennale-design-museum\/","title":{"rendered":"Magis protagoniste \u00e0 la quatri\u00e8me \u00e9dition du Triennale Design Museum"},"content":{"rendered":"<p>\u00c0 l\u2019occasion du 50\u00e8me anniversaire du Salone del Mobile, Triennale Design Museum va d\u00e9dier sa quatri\u00e8me \u00e9dition (dirig\u00e9 par Alberto Alessi sur un projet r\u00e9alis\u00e9 par Mart\u00ed Guix\u00e9), aux hommes, aux entreprises et aux projets qui ont contribu\u00e9 \u00e0 cr\u00e9er le Syst\u00e8me du Design Italien.<br \/>\nApr\u00e8s avoir \u00e9t\u00e9 protagoniste des trois derni\u00e8res \u00e9ditions du Triennale Design Museum, Magis participera \u00e0 la quatri\u00e8me \u00e9dition (qui sera inaugur\u00e9e le 4 avril prochain) avec une s\u00e9rie de produits qui repr\u00e9sentent des moments diff\u00e9rents de son histoire d\u2019entreprise, c\u2019est-\u00e0-dire : Bombo Stool, Chair_One, Sparkling, Trattoria Chair, Puppy, Bottle, Bridge, Nuovastep et Magis Dog House.<br \/>\nDans ce parcours mus\u00e9al, \u00e0 c\u00f4t\u00e9 des objets de design, il y aura m\u00eame un approfondissement  de l\u2019histoire des entreprises, qui met en \u00e9vidence succ\u00e8s et bestsellers, mais \u00e9galement flops et r\u00eaves irr\u00e9alis\u00e9s.<\/p>\n","protected":false},"excerpt":{"rendered":"<p>\u00c0 l\u2019occasion du 50\u00e8me anniversaire du Salone del Mobile, Triennale Design Museum va d\u00e9dier sa quatri\u00e8me \u00e9dition (dirig\u00e9 par Alberto Alessi sur un projet r\u00e9alis\u00e9 par Mart\u00ed Guix\u00e9), aux hommes, aux entreprises et aux projets qui ont contribu\u00e9 \u00e0 cr\u00e9er le Syst\u00e8me du Design Italien. Apr\u00e8s avoir \u00e9t\u00e9 protagoniste des trois derni\u00e8res \u00e9ditions du Triennale&#8230;<\/p>\n","protected":false},"author":1,"featured_media":0,"comment_status":"closed","ping_status":"closed","sticky":false,"template":"","format":"standard","meta":{"_acf_changed":false,"footnotes":""},"categories":[68],"tags":[],"class_list":["post-20162","post","type-post","status-publish","format-standard","hentry","category-evenements"],"acf":[],"_links":{"self":[{"href":"https:\/\/www.magisdesign.com\/fr\/wp-json\/wp\/v2\/posts\/20162","targetHints":{"allow":["GET"]}}],"collection":[{"href":"https:\/\/www.magisdesign.com\/fr\/wp-json\/wp\/v2\/posts"}],"about":[{"href":"https:\/\/www.magisdesign.com\/fr\/wp-json\/wp\/v2\/types\/post"}],"author":[{"embeddable":true,"href":"https:\/\/www.magisdesign.com\/fr\/wp-json\/wp\/v2\/users\/1"}],"replies":[{"embeddable":true,"href":"https:\/\/www.magisdesign.com\/fr\/wp-json\/wp\/v2\/comments?post=20162"}],"version-history":[{"count":0,"href":"https:\/\/www.magisdesign.com\/fr\/wp-json\/wp\/v2\/posts\/20162\/revisions"}],"wp:attachment":[{"href":"https:\/\/www.magisdesign.com\/fr\/wp-json\/wp\/v2\/media?parent=20162"}],"wp:term":[{"taxonomy":"category","embeddable":true,"href":"https:\/\/www.magisdesign.com\/fr\/wp-json\/wp\/v2\/categories?post=20162"},{"taxonomy":"post_tag","embeddable":true,"href":"https:\/\/www.magisdesign.com\/fr\/wp-json\/wp\/v2\/tags?post=20162"}],"curies":[{"name":"wp","href":"https:\/\/api.w.org\/{rel}","templated":true}]}}