{"id":20012,"date":"2010-06-28T16:25:31","date_gmt":"2010-06-28T15:25:31","guid":{"rendered":"http:\/\/magisdesing.com\/\/magis-et-konstantin-grcic-protagonistes-au-iuav-universite-de-trevise\/"},"modified":"2010-06-28T16:25:31","modified_gmt":"2010-06-28T15:25:31","slug":"magis-et-konstantin-grcic-protagonistes-au-iuav-universite-de-trevise","status":"publish","type":"post","link":"https:\/\/www.magisdesign.com\/fr\/magis-et-konstantin-grcic-protagonistes-au-iuav-universite-de-trevise\/","title":{"rendered":"Magis et Konstantin Grcic protagonistes au IUAV, Universit\u00e9 de Tr\u00e9vise"},"content":{"rendered":"<p>Cours sp\u00e9cial pour les \u00e9tudiants de l&rsquo;Universit\u00e9 de Tr\u00e9vise IUAV: le 16 juin dernier, \u00e0 deux heures et demie de l&rsquo;apr\u00e8s-midi, dans les espaces Bomben de la Fondation Benetton, Konstantin Grcic a parl\u00e9 de son exp\u00e9rience dans le champ du design et il a illustr\u00e9 la naissance de quelques-uns de ses produits qui sont d\u00e9j\u00e0 devenus des ic\u00f4nes du design contemporain. Il s&rsquo;est arr\u00eat\u00e9 en particulier sur son rapport avec Magis et son pr\u00e9sident Eugenio Perazza qui est aussi intervenu dans la conf\u00e9rence en recontant des anecdotes concernantes la collaboration avec Konstantin Grcic, collaboration qui a engendr\u00e9 la Chair One, devenue desormais un bestseller, et les plus r\u00e9cents 360\u00b0 Stool et Chair qui sont destin\u00e9s \u00e0 r\u00e9volutionner la conception des chaises pour le bureau.<\/p>\n","protected":false},"excerpt":{"rendered":"<p>Cours sp\u00e9cial pour les \u00e9tudiants de l&rsquo;Universit\u00e9 de Tr\u00e9vise IUAV: le 16 juin dernier, \u00e0 deux heures et demie de l&rsquo;apr\u00e8s-midi, dans les espaces Bomben de la Fondation Benetton, Konstantin Grcic a parl\u00e9 de son exp\u00e9rience dans le champ du design et il a illustr\u00e9 la naissance de quelques-uns de ses produits qui sont d\u00e9j\u00e0&#8230;<\/p>\n","protected":false},"author":1,"featured_media":0,"comment_status":"closed","ping_status":"closed","sticky":false,"template":"","format":"standard","meta":{"_acf_changed":false,"footnotes":""},"categories":[68],"tags":[],"class_list":["post-20012","post","type-post","status-publish","format-standard","hentry","category-evenements"],"acf":[],"_links":{"self":[{"href":"https:\/\/www.magisdesign.com\/fr\/wp-json\/wp\/v2\/posts\/20012","targetHints":{"allow":["GET"]}}],"collection":[{"href":"https:\/\/www.magisdesign.com\/fr\/wp-json\/wp\/v2\/posts"}],"about":[{"href":"https:\/\/www.magisdesign.com\/fr\/wp-json\/wp\/v2\/types\/post"}],"author":[{"embeddable":true,"href":"https:\/\/www.magisdesign.com\/fr\/wp-json\/wp\/v2\/users\/1"}],"replies":[{"embeddable":true,"href":"https:\/\/www.magisdesign.com\/fr\/wp-json\/wp\/v2\/comments?post=20012"}],"version-history":[{"count":0,"href":"https:\/\/www.magisdesign.com\/fr\/wp-json\/wp\/v2\/posts\/20012\/revisions"}],"wp:attachment":[{"href":"https:\/\/www.magisdesign.com\/fr\/wp-json\/wp\/v2\/media?parent=20012"}],"wp:term":[{"taxonomy":"category","embeddable":true,"href":"https:\/\/www.magisdesign.com\/fr\/wp-json\/wp\/v2\/categories?post=20012"},{"taxonomy":"post_tag","embeddable":true,"href":"https:\/\/www.magisdesign.com\/fr\/wp-json\/wp\/v2\/tags?post=20012"}],"curies":[{"name":"wp","href":"https:\/\/api.w.org\/{rel}","templated":true}]}}