{"id":19982,"date":"2010-04-23T11:41:50","date_gmt":"2010-04-23T10:41:50","guid":{"rendered":"http:\/\/magisdesing.com\/\/magis-et-le-festivaldellecittaimprese-montebelluna-asolo-tv-du-22-au-24-avril-2010\/"},"modified":"2010-04-23T11:41:50","modified_gmt":"2010-04-23T10:41:50","slug":"magis-et-le-festivaldellecittaimprese-montebelluna-asolo-tv-du-22-au-24-avril-2010","status":"publish","type":"post","link":"https:\/\/www.magisdesign.com\/fr\/magis-et-le-festivaldellecittaimprese-montebelluna-asolo-tv-du-22-au-24-avril-2010\/","title":{"rendered":"Magis et le FestivaldelleCitt\u00e0Imprese, Montebelluna-Asolo (TV), du 22 au 24 avril 2010"},"content":{"rendered":"<p>\u00ab\u00a0\u00a0\u00bbLe design comme facteur comp\u00e9titif de l&rsquo;entreprise\u00a0\u00bb\u00a0\u00bb<br \/>\nLe Festival delle Citt\u00e0 Impresa, organis\u00e9 par Nordesteuropa.it et Corriere della Sera, touche plusieures villes qui symbolisent la vie culturelle et les capacit\u00e9s des entreprises des r\u00e9gions V\u00e9n\u00e9tie, Trentin et Frioul-V\u00e9n\u00e9tie Julienne, sur le th\u00e8me \u00ab\u00a0\u00a0\u00bbLa Culture nous enrichit\u00a0\u00bb\u00a0\u00bb, en pr\u00e9vision de la candidature du Nord-Est de l&rsquo;Italie \u00e0 Capitale Europ\u00e9enne de la Culture 2019.<br \/>\n\u00c0 Montebelluna et Asolo, le festival propose le th\u00e8me \u00ab\u00a0\u00a0\u00bbLe design comme facteur comp\u00e9titif de l&rsquo;entreprise\u00a0\u00bb\u00a0\u00bb.  Entre le 22 et le 24 avril on discutera donc du rapport entre design, culture et entreprise, entre design et sauvegarde de l&rsquo;environnement, modes et communication, avec la participation de repr\u00e9sentants des plus importantes entreprises du territoire, de plusieurs designers et de repr\u00e9sentants des institutions et du monde universitaire.<br \/>\nVendredi 23 avril, dans la Mairie d&rsquo;Asolo, il y aura deux rencontres pour discuter le th\u00e8me du rapport entre cr\u00e9ativit\u00e9 et production: la premi\u00e8re \u00e0 18 heures, ayant pour protagonistes des entrepreneurs, entre lesquels Eugenio Perazza de Magis, et la deuxi\u00e8me \u00e0 21 heures, ayant pour protagonistes des designers. Deux rencontres sp\u00e9culaires o\u00f9 le th\u00e8me du design comme facteur comp\u00e9titif sera trait\u00e9 selon deux points de vue diff\u00e9rents, mais n\u00e9cessairement compl\u00e9mentaires.<br \/>\nAu cours du Festival, Magis sera m\u00eame protagoniste d&rsquo;une exposition sp\u00e9ciale d\u00e9di\u00e9e au design contemporain qui aura lieu dans les salles du Mus\u00e9e Municipal d&rsquo;Asolo. \u00c0 c\u00f4t\u00e9 de pi\u00e8ces arch\u00e9ologiques d&rsquo;\u00e9poque romaine, des peintures de la pinacoth\u00e8que, des sections d\u00e9di\u00e9es \u00e0 Eleonora Duse et Caterina Cornaro, Magis pr\u00e9sentera en effet une s\u00e9lection des pi\u00e8ces les plus repr\u00e9sentatives de sa collection. Une dizaine d&rsquo;objets symboles du design contemporain (tels que Chair One, Steelwood Chair, Chair First et Vanity Chair, jusque pour citer quelque exemple) seront dispos\u00e9s \u00e0 c\u00f4t\u00e9 de la collection historique de ce mus\u00e9e afin de cr\u00e9er un parcours parall\u00e8le fait de chaises, chauffeuses et tabourets griff\u00e9s par des designers de renomm\u00e9 mondiale. Magis sera \u00e9galement protagoniste au Festival de Vittorio Veneto: les espaces de l&rsquo;Auditorium et de l&rsquo;Atelier de l&rsquo;Institut Dante Alighieri, o\u00f9 se d\u00e9roulent les \u00e9v\u00e9nements de la manifestation, seront d\u00e9cor\u00e9s avec plusieurs produits de la collection Magis.<\/p>\n","protected":false},"excerpt":{"rendered":"<p>\u00ab\u00a0\u00a0\u00bbLe design comme facteur comp\u00e9titif de l&rsquo;entreprise\u00a0\u00bb\u00a0\u00bb Le Festival delle Citt\u00e0 Impresa, organis\u00e9 par Nordesteuropa.it et Corriere della Sera, touche plusieures villes qui symbolisent la vie culturelle et les capacit\u00e9s des entreprises des r\u00e9gions V\u00e9n\u00e9tie, Trentin et Frioul-V\u00e9n\u00e9tie Julienne, sur le th\u00e8me \u00ab\u00a0\u00a0\u00bbLa Culture nous enrichit\u00a0\u00bb\u00a0\u00bb, en pr\u00e9vision de la candidature du Nord-Est de l&rsquo;Italie&#8230;<\/p>\n","protected":false},"author":1,"featured_media":0,"comment_status":"closed","ping_status":"closed","sticky":false,"template":"","format":"standard","meta":{"_acf_changed":false,"footnotes":""},"categories":[68],"tags":[],"class_list":["post-19982","post","type-post","status-publish","format-standard","hentry","category-evenements"],"acf":[],"_links":{"self":[{"href":"https:\/\/www.magisdesign.com\/fr\/wp-json\/wp\/v2\/posts\/19982","targetHints":{"allow":["GET"]}}],"collection":[{"href":"https:\/\/www.magisdesign.com\/fr\/wp-json\/wp\/v2\/posts"}],"about":[{"href":"https:\/\/www.magisdesign.com\/fr\/wp-json\/wp\/v2\/types\/post"}],"author":[{"embeddable":true,"href":"https:\/\/www.magisdesign.com\/fr\/wp-json\/wp\/v2\/users\/1"}],"replies":[{"embeddable":true,"href":"https:\/\/www.magisdesign.com\/fr\/wp-json\/wp\/v2\/comments?post=19982"}],"version-history":[{"count":0,"href":"https:\/\/www.magisdesign.com\/fr\/wp-json\/wp\/v2\/posts\/19982\/revisions"}],"wp:attachment":[{"href":"https:\/\/www.magisdesign.com\/fr\/wp-json\/wp\/v2\/media?parent=19982"}],"wp:term":[{"taxonomy":"category","embeddable":true,"href":"https:\/\/www.magisdesign.com\/fr\/wp-json\/wp\/v2\/categories?post=19982"},{"taxonomy":"post_tag","embeddable":true,"href":"https:\/\/www.magisdesign.com\/fr\/wp-json\/wp\/v2\/tags?post=19982"}],"curies":[{"name":"wp","href":"https:\/\/api.w.org\/{rel}","templated":true}]}}