{"id":19977,"date":"2010-04-14T12:42:40","date_gmt":"2010-04-14T11:42:40","guid":{"rendered":"http:\/\/magisdesing.com\/\/salone-del-mobile-2010-2\/"},"modified":"2010-04-14T12:42:40","modified_gmt":"2010-04-14T11:42:40","slug":"salone-del-mobile-2010-2","status":"publish","type":"post","link":"https:\/\/www.magisdesign.com\/fr\/salone-del-mobile-2010-2\/","title":{"rendered":"Salone del Mobile 2010"},"content":{"rendered":"<p>Lors de la semaine du design 2010 \u00e0 Milan, Magis \u00e9tait pr\u00e9sente, comme d&rsquo;habitude, depuis plusieurs ann\u00e9s, au Salone del Mobile (Hall 12, Stand C01-D02), o\u00f9 elle a expos\u00e9 tous ses nouveaut\u00e9s 2010.<\/p>\n","protected":false},"excerpt":{"rendered":"<p>Lors de la semaine du design 2010 \u00e0 Milan, Magis \u00e9tait pr\u00e9sente, comme d&rsquo;habitude, depuis plusieurs ann\u00e9s, au Salone del Mobile (Hall 12, Stand C01-D02), o\u00f9 elle a expos\u00e9 tous ses nouveaut\u00e9s 2010.<\/p>\n","protected":false},"author":1,"featured_media":0,"comment_status":"closed","ping_status":"closed","sticky":false,"template":"","format":"standard","meta":{"_acf_changed":false,"footnotes":""},"categories":[68],"tags":[],"class_list":["post-19977","post","type-post","status-publish","format-standard","hentry","category-evenements"],"acf":[],"_links":{"self":[{"href":"https:\/\/www.magisdesign.com\/fr\/wp-json\/wp\/v2\/posts\/19977","targetHints":{"allow":["GET"]}}],"collection":[{"href":"https:\/\/www.magisdesign.com\/fr\/wp-json\/wp\/v2\/posts"}],"about":[{"href":"https:\/\/www.magisdesign.com\/fr\/wp-json\/wp\/v2\/types\/post"}],"author":[{"embeddable":true,"href":"https:\/\/www.magisdesign.com\/fr\/wp-json\/wp\/v2\/users\/1"}],"replies":[{"embeddable":true,"href":"https:\/\/www.magisdesign.com\/fr\/wp-json\/wp\/v2\/comments?post=19977"}],"version-history":[{"count":0,"href":"https:\/\/www.magisdesign.com\/fr\/wp-json\/wp\/v2\/posts\/19977\/revisions"}],"wp:attachment":[{"href":"https:\/\/www.magisdesign.com\/fr\/wp-json\/wp\/v2\/media?parent=19977"}],"wp:term":[{"taxonomy":"category","embeddable":true,"href":"https:\/\/www.magisdesign.com\/fr\/wp-json\/wp\/v2\/categories?post=19977"},{"taxonomy":"post_tag","embeddable":true,"href":"https:\/\/www.magisdesign.com\/fr\/wp-json\/wp\/v2\/tags?post=19977"}],"curies":[{"name":"wp","href":"https:\/\/api.w.org\/{rel}","templated":true}]}}