{"id":19837,"date":"2009-04-23T16:08:30","date_gmt":"2009-04-23T15:08:30","guid":{"rendered":"http:\/\/magisdesing.com\/\/salone-del-mobile-2009-2\/"},"modified":"2009-04-23T16:08:30","modified_gmt":"2009-04-23T15:08:30","slug":"salone-del-mobile-2009-2","status":"publish","type":"post","link":"https:\/\/www.magisdesign.com\/fr\/salone-del-mobile-2009-2\/","title":{"rendered":"Salone del Mobile 2009"},"content":{"rendered":"<p>Cette ann\u00e9e aussi Magis a \u00e9t\u00e9 une protagoniste importante au Salon du Meuble de Milan, o\u00f9 elle a pr\u00e9sent\u00e9 les nouveaut\u00e9s de la collection Magis et Me Too dans son Stand de 400 m2 au pavillon 12 (stand C01-D02), dont le projet a \u00e9t\u00e9 r\u00e9alis\u00e9 par Elisa et Stefano Giovannoni.<\/p>\n","protected":false},"excerpt":{"rendered":"<p>Cette ann\u00e9e aussi Magis a \u00e9t\u00e9 une protagoniste importante au Salon du Meuble de Milan, o\u00f9 elle a pr\u00e9sent\u00e9 les nouveaut\u00e9s de la collection Magis et Me Too dans son Stand de 400 m2 au pavillon 12 (stand C01-D02), dont le projet a \u00e9t\u00e9 r\u00e9alis\u00e9 par Elisa et Stefano Giovannoni.<\/p>\n","protected":false},"author":1,"featured_media":0,"comment_status":"closed","ping_status":"closed","sticky":false,"template":"","format":"standard","meta":{"_acf_changed":false,"footnotes":""},"categories":[68],"tags":[],"class_list":["post-19837","post","type-post","status-publish","format-standard","hentry","category-evenements"],"acf":[],"_links":{"self":[{"href":"https:\/\/www.magisdesign.com\/fr\/wp-json\/wp\/v2\/posts\/19837","targetHints":{"allow":["GET"]}}],"collection":[{"href":"https:\/\/www.magisdesign.com\/fr\/wp-json\/wp\/v2\/posts"}],"about":[{"href":"https:\/\/www.magisdesign.com\/fr\/wp-json\/wp\/v2\/types\/post"}],"author":[{"embeddable":true,"href":"https:\/\/www.magisdesign.com\/fr\/wp-json\/wp\/v2\/users\/1"}],"replies":[{"embeddable":true,"href":"https:\/\/www.magisdesign.com\/fr\/wp-json\/wp\/v2\/comments?post=19837"}],"version-history":[{"count":0,"href":"https:\/\/www.magisdesign.com\/fr\/wp-json\/wp\/v2\/posts\/19837\/revisions"}],"wp:attachment":[{"href":"https:\/\/www.magisdesign.com\/fr\/wp-json\/wp\/v2\/media?parent=19837"}],"wp:term":[{"taxonomy":"category","embeddable":true,"href":"https:\/\/www.magisdesign.com\/fr\/wp-json\/wp\/v2\/categories?post=19837"},{"taxonomy":"post_tag","embeddable":true,"href":"https:\/\/www.magisdesign.com\/fr\/wp-json\/wp\/v2\/tags?post=19837"}],"curies":[{"name":"wp","href":"https:\/\/api.w.org\/{rel}","templated":true}]}}