{"id":19712,"date":"2008-09-07T09:00:49","date_gmt":"2008-09-07T08:00:49","guid":{"rendered":"http:\/\/magisdesing.com\/\/magis-et-comodamente-2008\/"},"modified":"2008-09-07T09:00:49","modified_gmt":"2008-09-07T08:00:49","slug":"magis-et-comodamente-2008","status":"publish","type":"post","link":"https:\/\/www.magisdesign.com\/fr\/magis-et-comodamente-2008\/","title":{"rendered":"Magis et Comodamente 2008"},"content":{"rendered":"<p>Apr\u00e8s le succ\u00e8s de la premi\u00e8re \u00e9dition, le Festival-Ev\u00e8nement ComodaMente de Vittorio Veneto a \u00e9t\u00e9 organis\u00e9 cette ann\u00e9e aussi, afin d&rsquo;offrir \u00e0 la population des occasion pour r\u00e9fl\u00e9chir sur les th\u00e8mes de l&rsquo;agir quotidien. Cette ann\u00e9e aussi Magis a collabor\u00e9 \u00e0 la r\u00e9ussite de la manifestation en fournissant l&rsquo;ameublement pour les \u00ab\u00a0\u00a0\u00bbsalons\u00a0\u00bb\u00a0\u00bb qui, dans des coins diff\u00e9rents de la ville, ont vu se d\u00e9rouler  tout un programme de conversations, dialogues, spectacles, concerts, anticipations, etc, sur le th\u00e8me du conflit qui &#8211; \u00e0 divers niveaux &#8211; domine le syst\u00e8me de relations dans le monde contemporain.<\/p>\n","protected":false},"excerpt":{"rendered":"<p>Apr\u00e8s le succ\u00e8s de la premi\u00e8re \u00e9dition, le Festival-Ev\u00e8nement ComodaMente de Vittorio Veneto a \u00e9t\u00e9 organis\u00e9 cette ann\u00e9e aussi, afin d&rsquo;offrir \u00e0 la population des occasion pour r\u00e9fl\u00e9chir sur les th\u00e8mes de l&rsquo;agir quotidien. Cette ann\u00e9e aussi Magis a collabor\u00e9 \u00e0 la r\u00e9ussite de la manifestation en fournissant l&rsquo;ameublement pour les \u00ab\u00a0\u00a0\u00bbsalons\u00a0\u00bb\u00a0\u00bb qui, dans des&#8230;<\/p>\n","protected":false},"author":1,"featured_media":0,"comment_status":"closed","ping_status":"closed","sticky":false,"template":"","format":"standard","meta":{"_acf_changed":false,"footnotes":""},"categories":[68],"tags":[],"class_list":["post-19712","post","type-post","status-publish","format-standard","hentry","category-evenements"],"acf":[],"_links":{"self":[{"href":"https:\/\/www.magisdesign.com\/fr\/wp-json\/wp\/v2\/posts\/19712","targetHints":{"allow":["GET"]}}],"collection":[{"href":"https:\/\/www.magisdesign.com\/fr\/wp-json\/wp\/v2\/posts"}],"about":[{"href":"https:\/\/www.magisdesign.com\/fr\/wp-json\/wp\/v2\/types\/post"}],"author":[{"embeddable":true,"href":"https:\/\/www.magisdesign.com\/fr\/wp-json\/wp\/v2\/users\/1"}],"replies":[{"embeddable":true,"href":"https:\/\/www.magisdesign.com\/fr\/wp-json\/wp\/v2\/comments?post=19712"}],"version-history":[{"count":0,"href":"https:\/\/www.magisdesign.com\/fr\/wp-json\/wp\/v2\/posts\/19712\/revisions"}],"wp:attachment":[{"href":"https:\/\/www.magisdesign.com\/fr\/wp-json\/wp\/v2\/media?parent=19712"}],"wp:term":[{"taxonomy":"category","embeddable":true,"href":"https:\/\/www.magisdesign.com\/fr\/wp-json\/wp\/v2\/categories?post=19712"},{"taxonomy":"post_tag","embeddable":true,"href":"https:\/\/www.magisdesign.com\/fr\/wp-json\/wp\/v2\/tags?post=19712"}],"curies":[{"name":"wp","href":"https:\/\/api.w.org\/{rel}","templated":true}]}}