{"id":79535,"date":"2019-05-24T15:05:01","date_gmt":"2019-05-24T15:05:01","guid":{"rendered":"http:\/\/www.magisdesign.com\/?p=79535"},"modified":"2019-05-29T08:59:48","modified_gmt":"2019-05-29T08:59:48","slug":"las-exposiciones-donde-estamos-presentes","status":"publish","type":"post","link":"https:\/\/www.magisdesign.com\/es\/las-exposiciones-donde-estamos-presentes\/","title":{"rendered":"Las exposici\u00f3nes donde estamos presentes"},"content":{"rendered":"<p>Hasta el 31 de mayo, Steelwood Stool, dise\u00f1ado por Ronan &amp; Erwan Bouroullec, y el taburete Tom, dise\u00f1ado por Konstantin Grcic, est\u00e1n expuestos en la muestra U-Joints, a cargo de Anniina Koivu, en la ECAL, en Lausanne (Suiza).<\/p>\n<p>El museo Nivola de Orani (Nuoro) rinde homenaje a Alessandro Mendini tres meses despu\u00e9s de su fallecimiento, con la muestra ATELIER MENDINI. LE ARCHITETTURE, a cargo de Aldo Colonetti, que presenta el fruto de cincuenta a\u00f1os de proyectos de este arquitecto, dise\u00f1ador y artista extraordinario, con art\u00edculos, entre otros, como el sill\u00f3n Magis Proust, dise\u00f1ado por \u00e9l en 2011. En la muestra, visitable hasta el 16 de junio de 2019, se exponen tres Magis Proust. (ph: Cedric Dasesson)<\/p>\n<p>Del 18 de mayo al 15 de septiembre de 2019, TEHDAS &#8211; FABRIK \u2013 FACTORY se propone como una reflexi\u00f3n sobre la f\u00e1brica entendida como espacio creativo y sobre el papel actual de la artesan\u00eda en el interior de diversas empresas de dise\u00f1o. Instalada en la Fiskars Village Art &amp; Design Biennale (Finlandia) a cargo de Anniina Koivu, expone piezas de dise\u00f1o como la ic\u00f3nica Chair_One dise\u00f1ada por Konstantin Grcic.<\/p>\n","protected":false},"excerpt":{"rendered":"<p>Hasta el 31 de mayo, Steelwood Stool, dise\u00f1ado por Ronan &amp; Erwan Bouroullec, y el taburete Tom, dise\u00f1ado por Konstantin Grcic, est\u00e1n expuestos en la muestra U-Joints, a cargo de Anniina Koivu, en la ECAL, en Lausanne (Suiza). El museo Nivola de Orani (Nuoro) rinde homenaje a Alessandro Mendini tres meses despu\u00e9s de su fallecimiento,&#8230;<\/p>\n","protected":false},"author":3,"featured_media":0,"comment_status":"closed","ping_status":"closed","sticky":false,"template":"","format":"standard","meta":{"_acf_changed":false,"footnotes":""},"categories":[70],"tags":[],"class_list":["post-79535","post","type-post","status-publish","format-standard","hentry","category-eventos"],"acf":[],"_links":{"self":[{"href":"https:\/\/www.magisdesign.com\/es\/wp-json\/wp\/v2\/posts\/79535","targetHints":{"allow":["GET"]}}],"collection":[{"href":"https:\/\/www.magisdesign.com\/es\/wp-json\/wp\/v2\/posts"}],"about":[{"href":"https:\/\/www.magisdesign.com\/es\/wp-json\/wp\/v2\/types\/post"}],"author":[{"embeddable":true,"href":"https:\/\/www.magisdesign.com\/es\/wp-json\/wp\/v2\/users\/3"}],"replies":[{"embeddable":true,"href":"https:\/\/www.magisdesign.com\/es\/wp-json\/wp\/v2\/comments?post=79535"}],"version-history":[{"count":0,"href":"https:\/\/www.magisdesign.com\/es\/wp-json\/wp\/v2\/posts\/79535\/revisions"}],"wp:attachment":[{"href":"https:\/\/www.magisdesign.com\/es\/wp-json\/wp\/v2\/media?parent=79535"}],"wp:term":[{"taxonomy":"category","embeddable":true,"href":"https:\/\/www.magisdesign.com\/es\/wp-json\/wp\/v2\/categories?post=79535"},{"taxonomy":"post_tag","embeddable":true,"href":"https:\/\/www.magisdesign.com\/es\/wp-json\/wp\/v2\/tags?post=79535"}],"curies":[{"name":"wp","href":"https:\/\/api.w.org\/{rel}","templated":true}]}}