{"id":72159,"date":"2019-04-02T16:55:54","date_gmt":"2019-04-02T16:55:54","guid":{"rendered":"http:\/\/www.magisdesign.com\/?p=72159"},"modified":"2019-04-04T06:53:49","modified_gmt":"2019-04-04T06:53:49","slug":"magis-en-el-salone-del-mobile-2019","status":"publish","type":"post","link":"https:\/\/www.magisdesign.com\/es\/magis-en-el-salone-del-mobile-2019\/","title":{"rendered":"Magis en el Salone del Mobile 2019"},"content":{"rendered":"<p>En el Salone del Mobile 2019, Magis se propone como un espacio que envuelve a los visitantes en una sensaci\u00f3n de serenidad y fraternidad. Como punto de partida de este nuevo concepto a cargo del estudio sueco Note, que colabora con Magis por segundo a\u00f1o, tenemos la acogedora arquitectura cl\u00e1sica de los patios interiores de los palacios italianos tradicionales, concretamente del Palacio Ducal de Venecia, y de su claustro. Una b\u00fasqueda de expresiones y vol\u00famenes que retrocede en el tiempo, a trav\u00e9s de fascinantes disposiciones arquitect\u00f3nicas en torno a un patio central, espacio de socializaci\u00f3n generoso y atrayente, pero al mismo tiempo \u00edntimo y protector, interpretado como un lugar ideal del tiempo actual en el que sentarse, hablar e intercambiar ideas o, simplemente, hacer una pausa. Y alrededor, el color del agua, elemento unificador de la ciudad veneciana, que se convierte en color dominante del estand con su aura sugerente.<\/p>\n<p>Durante la semana del Sal\u00f3n, la sala de exposici\u00f3n Magis de corso Garibaldi tendr\u00e1 una instalaci\u00f3n a cargo del estudio Note dedicado a Plato, la nueva silla de Jasper Morrison. Avance de prensa: lunes 8 de abril, de 15 a 20 horas<\/p>\n<p>Les esperamos en el pabell\u00f3n 20, estand C15\/D14 y en la sala de exposici\u00f3n Magis, corso Garibaldi, 77<\/p>\n","protected":false},"excerpt":{"rendered":"<p>En el Salone del Mobile 2019, Magis se propone como un espacio que envuelve a los visitantes en una sensaci\u00f3n de serenidad y fraternidad. Como punto de partida de este nuevo concepto a cargo del estudio sueco Note, que colabora con Magis por segundo a\u00f1o, tenemos la acogedora arquitectura cl\u00e1sica de los patios interiores de&#8230;<\/p>\n","protected":false},"author":3,"featured_media":0,"comment_status":"closed","ping_status":"closed","sticky":false,"template":"","format":"standard","meta":{"_acf_changed":false,"footnotes":""},"categories":[70],"tags":[],"class_list":["post-72159","post","type-post","status-publish","format-standard","hentry","category-eventos"],"acf":[],"_links":{"self":[{"href":"https:\/\/www.magisdesign.com\/es\/wp-json\/wp\/v2\/posts\/72159","targetHints":{"allow":["GET"]}}],"collection":[{"href":"https:\/\/www.magisdesign.com\/es\/wp-json\/wp\/v2\/posts"}],"about":[{"href":"https:\/\/www.magisdesign.com\/es\/wp-json\/wp\/v2\/types\/post"}],"author":[{"embeddable":true,"href":"https:\/\/www.magisdesign.com\/es\/wp-json\/wp\/v2\/users\/3"}],"replies":[{"embeddable":true,"href":"https:\/\/www.magisdesign.com\/es\/wp-json\/wp\/v2\/comments?post=72159"}],"version-history":[{"count":0,"href":"https:\/\/www.magisdesign.com\/es\/wp-json\/wp\/v2\/posts\/72159\/revisions"}],"wp:attachment":[{"href":"https:\/\/www.magisdesign.com\/es\/wp-json\/wp\/v2\/media?parent=72159"}],"wp:term":[{"taxonomy":"category","embeddable":true,"href":"https:\/\/www.magisdesign.com\/es\/wp-json\/wp\/v2\/categories?post=72159"},{"taxonomy":"post_tag","embeddable":true,"href":"https:\/\/www.magisdesign.com\/es\/wp-json\/wp\/v2\/tags?post=72159"}],"curies":[{"name":"wp","href":"https:\/\/api.w.org\/{rel}","templated":true}]}}