{"id":21799,"date":"2018-09-20T15:04:47","date_gmt":"2018-09-20T15:04:47","guid":{"rendered":"http:\/\/magisdesing.com\/\/mesas-mila-ahora-disponibles\/"},"modified":"2018-09-20T15:04:47","modified_gmt":"2018-09-20T15:04:47","slug":"mesas-mila-ahora-disponibles","status":"publish","type":"post","link":"https:\/\/www.magisdesign.com\/es\/mesas-mila-ahora-disponibles\/","title":{"rendered":"Mesas Mil\u00e0: Ahora disponibles!"},"content":{"rendered":"<p>Imaginando \u201chacer con pl\u00e1stico lo que es imposible hacer con madera\u201d, de la creatividad de Jaime Hay\u00f3n unida a la experiencia de Magis naci\u00f3, hace tres a\u00f1os, la silla Mil\u00e0.<\/p>\n<p>El\u00e1stica y con gran capacidad de movimiento, est\u00e1 inspirada en las formas del modernismo catal\u00e1n, del que Antonio Gaud\u00ed fue el mayor representante entre el siglo xix y principios del xx.<\/p>\n<p>La casa Mil\u00e0 fue, junto a la casa Batll\u00f3, la principal fuente de inspiraci\u00f3n para el proceso de dise\u00f1o que concluy\u00f3 en la creaci\u00f3n de la silla Mil\u00e0 de Jaime Hay\u00f3n. El artista y dise\u00f1ador espa\u00f1ol extrapol\u00f3 del incomparable lenguaje arquitect\u00f3nico del gran arquitecto el concepto de la forma que, m\u00e1s que cubrirla, realiza la estructura, y del color, que no recubre sino que se funde con la forma; y aplica ese concepto a un objeto de uso cotidiano para dotarlo de una expresividad art\u00edstica.<\/p>\n<p>Formas suaves y din\u00e1micas que hoy se manifiestan tambi\u00e9n en las mesas Mil\u00e0, con su estructura en tubo de acero pintado que retoma la caracter\u00edstica sinuosidad del proyecto. Disponibles en varios tama\u00f1os y colores y con tableros de diversos materiales, HPL, chapa de roble natural o m\u00e1rmol de Carrara, Marquinia o Emperador, y en una versi\u00f3n apta tambi\u00e9n para exteriores, son perfectas para combinarlas con las sillas del mismo nombre, pero su estilo es tan ligero y vers\u00e1til que se adaptan a cualquier tipo de mobiliario, libres para expresar espont\u00e1neamente el car\u00e1cter \u00fanico y vital propio de Mil\u00e0.<\/p>\n","protected":false},"excerpt":{"rendered":"<p>Imaginando \u201chacer con pl\u00e1stico lo que es imposible hacer con madera\u201d, de la creatividad de Jaime Hay\u00f3n unida a la experiencia de Magis naci\u00f3, hace tres a\u00f1os, la silla Mil\u00e0. El\u00e1stica y con gran capacidad de movimiento, est\u00e1 inspirada en las formas del modernismo catal\u00e1n, del que Antonio Gaud\u00ed fue el mayor representante entre el&#8230;<\/p>\n","protected":false},"author":3,"featured_media":0,"comment_status":"closed","ping_status":"closed","sticky":false,"template":"","format":"standard","meta":{"_acf_changed":false,"footnotes":""},"categories":[67],"tags":[],"class_list":["post-21799","post","type-post","status-publish","format-standard","hentry","category-disponibili-es"],"acf":[],"_links":{"self":[{"href":"https:\/\/www.magisdesign.com\/es\/wp-json\/wp\/v2\/posts\/21799","targetHints":{"allow":["GET"]}}],"collection":[{"href":"https:\/\/www.magisdesign.com\/es\/wp-json\/wp\/v2\/posts"}],"about":[{"href":"https:\/\/www.magisdesign.com\/es\/wp-json\/wp\/v2\/types\/post"}],"author":[{"embeddable":true,"href":"https:\/\/www.magisdesign.com\/es\/wp-json\/wp\/v2\/users\/3"}],"replies":[{"embeddable":true,"href":"https:\/\/www.magisdesign.com\/es\/wp-json\/wp\/v2\/comments?post=21799"}],"version-history":[{"count":0,"href":"https:\/\/www.magisdesign.com\/es\/wp-json\/wp\/v2\/posts\/21799\/revisions"}],"wp:attachment":[{"href":"https:\/\/www.magisdesign.com\/es\/wp-json\/wp\/v2\/media?parent=21799"}],"wp:term":[{"taxonomy":"category","embeddable":true,"href":"https:\/\/www.magisdesign.com\/es\/wp-json\/wp\/v2\/categories?post=21799"},{"taxonomy":"post_tag","embeddable":true,"href":"https:\/\/www.magisdesign.com\/es\/wp-json\/wp\/v2\/tags?post=21799"}],"curies":[{"name":"wp","href":"https:\/\/api.w.org\/{rel}","templated":true}]}}