{"id":20464,"date":"2012-07-19T16:12:07","date_gmt":"2012-07-19T15:12:07","guid":{"rendered":"http:\/\/magisdesing.com\/\/midsummer-special-design-post-colonia-2\/"},"modified":"2012-07-19T16:12:07","modified_gmt":"2012-07-19T15:12:07","slug":"midsummer-special-design-post-colonia-2","status":"publish","type":"post","link":"https:\/\/www.magisdesign.com\/es\/midsummer-special-design-post-colonia-2\/","title":{"rendered":"Midsummer Special, Design Post, Colonia"},"content":{"rendered":"<p>El pasado 21 junio ante el Design Post de Colonia, se ha desenvuelto el evento &#171;&#187;Midsummer Special&#187;&#187; dedicado a los arquitectos, dise\u00f1adores y proyectistas y organizado de Stylepark en colaboraci\u00f3n con algunas empresas presentes al Design Post, como Magis.<br \/>\nA part\u00edr de las 17 han sido lugar dos conferecias sobre el tema del color y del ac\u00fastica en el dise\u00f1o interior y en arquitectura y un talk sobre el dise\u00f1o entre Thomas Wagner de Stylepark y el dise\u00f1ador\/arquitecto Alfredo H\u00e4berli.<br \/>\nAl fin de la velada se ha desenvuelto un momento convivial en los espacios de lo showroom Magis.<\/p>\n","protected":false},"excerpt":{"rendered":"<p>El pasado 21 junio ante el Design Post de Colonia, se ha desenvuelto el evento &#171;&#187;Midsummer Special&#187;&#187; dedicado a los arquitectos, dise\u00f1adores y proyectistas y organizado de Stylepark en colaboraci\u00f3n con algunas empresas presentes al Design Post, como Magis. A part\u00edr de las 17 han sido lugar dos conferecias sobre el tema del color y&#8230;<\/p>\n","protected":false},"author":1,"featured_media":0,"comment_status":"closed","ping_status":"closed","sticky":false,"template":"","format":"standard","meta":{"_acf_changed":false,"footnotes":""},"categories":[70],"tags":[],"class_list":["post-20464","post","type-post","status-publish","format-standard","hentry","category-eventos"],"acf":[],"_links":{"self":[{"href":"https:\/\/www.magisdesign.com\/es\/wp-json\/wp\/v2\/posts\/20464","targetHints":{"allow":["GET"]}}],"collection":[{"href":"https:\/\/www.magisdesign.com\/es\/wp-json\/wp\/v2\/posts"}],"about":[{"href":"https:\/\/www.magisdesign.com\/es\/wp-json\/wp\/v2\/types\/post"}],"author":[{"embeddable":true,"href":"https:\/\/www.magisdesign.com\/es\/wp-json\/wp\/v2\/users\/1"}],"replies":[{"embeddable":true,"href":"https:\/\/www.magisdesign.com\/es\/wp-json\/wp\/v2\/comments?post=20464"}],"version-history":[{"count":0,"href":"https:\/\/www.magisdesign.com\/es\/wp-json\/wp\/v2\/posts\/20464\/revisions"}],"wp:attachment":[{"href":"https:\/\/www.magisdesign.com\/es\/wp-json\/wp\/v2\/media?parent=20464"}],"wp:term":[{"taxonomy":"category","embeddable":true,"href":"https:\/\/www.magisdesign.com\/es\/wp-json\/wp\/v2\/categories?post=20464"},{"taxonomy":"post_tag","embeddable":true,"href":"https:\/\/www.magisdesign.com\/es\/wp-json\/wp\/v2\/tags?post=20464"}],"curies":[{"name":"wp","href":"https:\/\/api.w.org\/{rel}","templated":true}]}}