{"id":20404,"date":"2012-04-02T09:42:50","date_gmt":"2012-04-02T08:42:50","guid":{"rendered":"http:\/\/magisdesing.com\/\/fashion-cube-milan\/"},"modified":"2012-04-02T09:42:50","modified_gmt":"2012-04-02T08:42:50","slug":"fashion-cube-milan","status":"publish","type":"post","link":"https:\/\/www.magisdesign.com\/es\/fashion-cube-milan\/","title":{"rendered":"Fashion Cube, Mil\u00e1n"},"content":{"rendered":"<p>Durante la Semana de la Moda a Mil\u00e1n (22-28 febrero 2012) Magis ha sido protagonista con la sillas Flux (dise\u00f1o Jerszy Seymour) y Steelwood Chair (dise\u00f1o Ronan &amp; Erwan Bouroullec) de un instalaci\u00f3n realizada por la casa editorial Hearst Magazines y posici\u00f3nada en Plaza Cadorna: un punto informativo a forma de cubo donde los visitantes han consultado las revistas de la casa editorial de papel y dig\u00edtal.<\/p>\n","protected":false},"excerpt":{"rendered":"<p>Durante la Semana de la Moda a Mil\u00e1n (22-28 febrero 2012) Magis ha sido protagonista con la sillas Flux (dise\u00f1o Jerszy Seymour) y Steelwood Chair (dise\u00f1o Ronan &amp; Erwan Bouroullec) de un instalaci\u00f3n realizada por la casa editorial Hearst Magazines y posici\u00f3nada en Plaza Cadorna: un punto informativo a forma de cubo donde los visitantes&#8230;<\/p>\n","protected":false},"author":1,"featured_media":0,"comment_status":"closed","ping_status":"closed","sticky":false,"template":"","format":"standard","meta":{"_acf_changed":false,"footnotes":""},"categories":[70],"tags":[],"class_list":["post-20404","post","type-post","status-publish","format-standard","hentry","category-eventos"],"acf":[],"_links":{"self":[{"href":"https:\/\/www.magisdesign.com\/es\/wp-json\/wp\/v2\/posts\/20404","targetHints":{"allow":["GET"]}}],"collection":[{"href":"https:\/\/www.magisdesign.com\/es\/wp-json\/wp\/v2\/posts"}],"about":[{"href":"https:\/\/www.magisdesign.com\/es\/wp-json\/wp\/v2\/types\/post"}],"author":[{"embeddable":true,"href":"https:\/\/www.magisdesign.com\/es\/wp-json\/wp\/v2\/users\/1"}],"replies":[{"embeddable":true,"href":"https:\/\/www.magisdesign.com\/es\/wp-json\/wp\/v2\/comments?post=20404"}],"version-history":[{"count":0,"href":"https:\/\/www.magisdesign.com\/es\/wp-json\/wp\/v2\/posts\/20404\/revisions"}],"wp:attachment":[{"href":"https:\/\/www.magisdesign.com\/es\/wp-json\/wp\/v2\/media?parent=20404"}],"wp:term":[{"taxonomy":"category","embeddable":true,"href":"https:\/\/www.magisdesign.com\/es\/wp-json\/wp\/v2\/categories?post=20404"},{"taxonomy":"post_tag","embeddable":true,"href":"https:\/\/www.magisdesign.com\/es\/wp-json\/wp\/v2\/tags?post=20404"}],"curies":[{"name":"wp","href":"https:\/\/api.w.org\/{rel}","templated":true}]}}