{"id":20259,"date":"2011-10-28T09:31:54","date_gmt":"2011-10-28T08:31:54","guid":{"rendered":"http:\/\/magisdesing.com\/\/magis-ante-via-milano-new-dutch-design-2011-amsterdam\/"},"modified":"2011-10-28T09:31:54","modified_gmt":"2011-10-28T08:31:54","slug":"magis-ante-via-milano-new-dutch-design-2011-amsterdam","status":"publish","type":"post","link":"https:\/\/www.magisdesign.com\/es\/magis-ante-via-milano-new-dutch-design-2011-amsterdam\/","title":{"rendered":"Magis ante Via Milano New Dutch Design 2011, Amsterdam"},"content":{"rendered":"<p>El sistema modular de estanter\u00edas y c\u00f3modas My Storage (dise\u00f1o Ineke Hans) ha sido selecci\u00f3nado por Via Milano New Dutch Design (23 septiembre \u2013 2 octubre), la exposici\u00f3n que cada a\u00f1o, durante la feria De Woonbeurs de Amsterdam, mostra los mejores trabajos realizados por dise\u00f1adores holand\u00e9ses y presentado durante el Salone de Milan del mismo a\u00f1o.<\/p>\n","protected":false},"excerpt":{"rendered":"<p>El sistema modular de estanter\u00edas y c\u00f3modas My Storage (dise\u00f1o Ineke Hans) ha sido selecci\u00f3nado por Via Milano New Dutch Design (23 septiembre \u2013 2 octubre), la exposici\u00f3n que cada a\u00f1o, durante la feria De Woonbeurs de Amsterdam, mostra los mejores trabajos realizados por dise\u00f1adores holand\u00e9ses y presentado durante el Salone de Milan del mismo&#8230;<\/p>\n","protected":false},"author":1,"featured_media":0,"comment_status":"closed","ping_status":"closed","sticky":false,"template":"","format":"standard","meta":{"_acf_changed":false,"footnotes":""},"categories":[70],"tags":[],"class_list":["post-20259","post","type-post","status-publish","format-standard","hentry","category-eventos"],"acf":[],"_links":{"self":[{"href":"https:\/\/www.magisdesign.com\/es\/wp-json\/wp\/v2\/posts\/20259","targetHints":{"allow":["GET"]}}],"collection":[{"href":"https:\/\/www.magisdesign.com\/es\/wp-json\/wp\/v2\/posts"}],"about":[{"href":"https:\/\/www.magisdesign.com\/es\/wp-json\/wp\/v2\/types\/post"}],"author":[{"embeddable":true,"href":"https:\/\/www.magisdesign.com\/es\/wp-json\/wp\/v2\/users\/1"}],"replies":[{"embeddable":true,"href":"https:\/\/www.magisdesign.com\/es\/wp-json\/wp\/v2\/comments?post=20259"}],"version-history":[{"count":0,"href":"https:\/\/www.magisdesign.com\/es\/wp-json\/wp\/v2\/posts\/20259\/revisions"}],"wp:attachment":[{"href":"https:\/\/www.magisdesign.com\/es\/wp-json\/wp\/v2\/media?parent=20259"}],"wp:term":[{"taxonomy":"category","embeddable":true,"href":"https:\/\/www.magisdesign.com\/es\/wp-json\/wp\/v2\/categories?post=20259"},{"taxonomy":"post_tag","embeddable":true,"href":"https:\/\/www.magisdesign.com\/es\/wp-json\/wp\/v2\/tags?post=20259"}],"curies":[{"name":"wp","href":"https:\/\/api.w.org\/{rel}","templated":true}]}}