{"id":20010,"date":"2010-06-28T16:25:31","date_gmt":"2010-06-28T15:25:31","guid":{"rendered":"http:\/\/magisdesing.com\/\/magis-y-konstantin-grcic-protagonistas-en-la-universidad-iuav-de-treviso\/"},"modified":"2010-06-28T16:25:31","modified_gmt":"2010-06-28T15:25:31","slug":"magis-y-konstantin-grcic-protagonistas-en-la-universidad-iuav-de-treviso","status":"publish","type":"post","link":"https:\/\/www.magisdesign.com\/es\/magis-y-konstantin-grcic-protagonistas-en-la-universidad-iuav-de-treviso\/","title":{"rendered":"Magis y Konstantin Grcic protagonistas en la universidad IUAV de Treviso"},"content":{"rendered":"<p>Conferencia especial para los estudiantes de IUAV en Treviso el pasado 16 de junio: a las 14.30 en los espacios Bomben de la Fundaci\u00f3n Benetton, Konstantin Grcic habl\u00f3 sobre su experiencia en el dise\u00f1o, describiendo la forma en que nacieron algunos de sus productos, que se han convertido en iconos del dise\u00f1o contempor\u00e1neo. En particular, se centr\u00f3 en su relaci\u00f3n con Magis y con Eugenio Perazza, presidente Magis, que habl\u00f3 el mismo en la conferencia con algunas an\u00e9cdotas acerca de la colaboraci\u00f3n con Konstantin Grcic, desde la cual nacieron Chair_One, que se ha convertido en un best-seller, y los recientes 360\u00b0 Stool y Chair, que est\u00e1n destinados a revolucionar el concepto de asiento para la oficina.<\/p>\n","protected":false},"excerpt":{"rendered":"<p>Conferencia especial para los estudiantes de IUAV en Treviso el pasado 16 de junio: a las 14.30 en los espacios Bomben de la Fundaci\u00f3n Benetton, Konstantin Grcic habl\u00f3 sobre su experiencia en el dise\u00f1o, describiendo la forma en que nacieron algunos de sus productos, que se han convertido en iconos del dise\u00f1o contempor\u00e1neo. En particular,&#8230;<\/p>\n","protected":false},"author":1,"featured_media":0,"comment_status":"closed","ping_status":"closed","sticky":false,"template":"","format":"standard","meta":{"_acf_changed":false,"footnotes":""},"categories":[70],"tags":[],"class_list":["post-20010","post","type-post","status-publish","format-standard","hentry","category-eventos"],"acf":[],"_links":{"self":[{"href":"https:\/\/www.magisdesign.com\/es\/wp-json\/wp\/v2\/posts\/20010","targetHints":{"allow":["GET"]}}],"collection":[{"href":"https:\/\/www.magisdesign.com\/es\/wp-json\/wp\/v2\/posts"}],"about":[{"href":"https:\/\/www.magisdesign.com\/es\/wp-json\/wp\/v2\/types\/post"}],"author":[{"embeddable":true,"href":"https:\/\/www.magisdesign.com\/es\/wp-json\/wp\/v2\/users\/1"}],"replies":[{"embeddable":true,"href":"https:\/\/www.magisdesign.com\/es\/wp-json\/wp\/v2\/comments?post=20010"}],"version-history":[{"count":0,"href":"https:\/\/www.magisdesign.com\/es\/wp-json\/wp\/v2\/posts\/20010\/revisions"}],"wp:attachment":[{"href":"https:\/\/www.magisdesign.com\/es\/wp-json\/wp\/v2\/media?parent=20010"}],"wp:term":[{"taxonomy":"category","embeddable":true,"href":"https:\/\/www.magisdesign.com\/es\/wp-json\/wp\/v2\/categories?post=20010"},{"taxonomy":"post_tag","embeddable":true,"href":"https:\/\/www.magisdesign.com\/es\/wp-json\/wp\/v2\/tags?post=20010"}],"curies":[{"name":"wp","href":"https:\/\/api.w.org\/{rel}","templated":true}]}}