{"id":19980,"date":"2010-04-23T11:41:50","date_gmt":"2010-04-23T10:41:50","guid":{"rendered":"http:\/\/magisdesing.com\/\/magis-y-el-festivaldellecittaimprese-montebelluna-asolo-tv-22-24-abril\/"},"modified":"2010-04-23T11:41:50","modified_gmt":"2010-04-23T10:41:50","slug":"magis-y-el-festivaldellecittaimprese-montebelluna-asolo-tv-22-24-abril","status":"publish","type":"post","link":"https:\/\/www.magisdesign.com\/es\/magis-y-el-festivaldellecittaimprese-montebelluna-asolo-tv-22-24-abril\/","title":{"rendered":"Magis y el FestivaldelleCitt\u00e0Imprese, Montebelluna-Asolo (TV), 22-24 abril"},"content":{"rendered":"<p>&#171;&#187;El dise\u00f1o como factor de competitividad&#187;&#187;<br \/>\nPromovido por Nordesteuropa.it y por el Corriere della Sera, el Festival delle Citt\u00e1 Impresa, involucra algunas ciudades simb\u00f3licas para la vida cultural y empresarial en el Veneto, Trentino y Friuli Venezia Giulia, sobre el tema &#171;&#187;La cultura nos hace ricos,&#187;&#187; en vista de la candidatura del Noreste a Capital Europea de la Cultura 2019.<br \/>\nEn Montebelluna y Asolo, el Festival ofrece el tema &#171;&#187;El dise\u00f1o como factor de competitividad&#187;&#187;. Entre el 22 y 24 de abril se tratar\u00e1n, por lo tanto, de la relaci\u00f3n entre el dise\u00f1o, la cultura y la empresa, entre el dise\u00f1o y la sostenibilidad, la moda y la comunicaci\u00f3n en presencia de los representantes de las m\u00e1s importantes empresas locales que se han impuesto a nivel internacional a trav\u00e9s del dise\u00f1o, en presencia de dise\u00f1adores, sino tambi\u00e9n de representantes de las instituciones y del mundo de la universidad.<br \/>\nEl Viernes, 23 de abril en el Ayuntamiento de Asolo se abordar\u00e1 el tema de la relaci\u00f3n entre la creatividad y la producci\u00f3n en dos reuniones: una a las 18 que tiene como protagonistas los empresarios, entre los cuales hay tambi\u00e9n Eugenio Perazza de Magis, y una a los 21 que tiene como protagonistas los dise\u00f1adores. Dos reuniones en las que el tema del dise\u00f1o como factor de competitividad se abordar\u00e1 desde dos puntos de vista diferentes, pero necesariamente complementarios.<br \/>\nDurante el Festival, Magis ser\u00e1 tambi\u00e9n protagonista de una exposici\u00f3n especial dedicada al dise\u00f1o contempor\u00e1neo en las salas del Museo Civico de Asolo. Adem\u00e1s de los hallazgos arqueol\u00f3gicos de la \u00e9poca romana,de  las pinturas en la pinacoteca, de las secciones dedicadas a Eleonora Duse y Caterina Cornaro, Magis de hecho presentar\u00e1 una selecci\u00f3n de importantes piezas de su colecci\u00f3n. Una docena de objetos simb\u00f3licos del dise\u00f1o contempor\u00e1neo (Chair_One , Steelwood Chair, Chair First , Vanity Chair&#8230; para nombrar algunas) se unir\u00e1n a la colecci\u00f3n hist\u00f3rica del museo para crear un camino paralelo original, hecha de sillas, sillones, taburetes firmados por algunos de los m\u00e1s grandes dise\u00f1adores internacionales. Magis ser\u00e1 tambi\u00e9n protagonista del Festival de Vittorio Veneto: los espacios del Auditorium y del Atelier del Instituto Dante Alighieri, donde se celebran los acontecimientos de la manifestaci\u00f3n, son, de hecho, equipadas con los productos de Magis.&#187;&#187;<\/p>\n","protected":false},"excerpt":{"rendered":"<p>&#171;&#187;El dise\u00f1o como factor de competitividad&#187;&#187; Promovido por Nordesteuropa.it y por el Corriere della Sera, el Festival delle Citt\u00e1 Impresa, involucra algunas ciudades simb\u00f3licas para la vida cultural y empresarial en el Veneto, Trentino y Friuli Venezia Giulia, sobre el tema &#171;&#187;La cultura nos hace ricos,&#187;&#187; en vista de la candidatura del Noreste a Capital&#8230;<\/p>\n","protected":false},"author":1,"featured_media":0,"comment_status":"closed","ping_status":"closed","sticky":false,"template":"","format":"standard","meta":{"_acf_changed":false,"footnotes":""},"categories":[70],"tags":[],"class_list":["post-19980","post","type-post","status-publish","format-standard","hentry","category-eventos"],"acf":[],"_links":{"self":[{"href":"https:\/\/www.magisdesign.com\/es\/wp-json\/wp\/v2\/posts\/19980","targetHints":{"allow":["GET"]}}],"collection":[{"href":"https:\/\/www.magisdesign.com\/es\/wp-json\/wp\/v2\/posts"}],"about":[{"href":"https:\/\/www.magisdesign.com\/es\/wp-json\/wp\/v2\/types\/post"}],"author":[{"embeddable":true,"href":"https:\/\/www.magisdesign.com\/es\/wp-json\/wp\/v2\/users\/1"}],"replies":[{"embeddable":true,"href":"https:\/\/www.magisdesign.com\/es\/wp-json\/wp\/v2\/comments?post=19980"}],"version-history":[{"count":0,"href":"https:\/\/www.magisdesign.com\/es\/wp-json\/wp\/v2\/posts\/19980\/revisions"}],"wp:attachment":[{"href":"https:\/\/www.magisdesign.com\/es\/wp-json\/wp\/v2\/media?parent=19980"}],"wp:term":[{"taxonomy":"category","embeddable":true,"href":"https:\/\/www.magisdesign.com\/es\/wp-json\/wp\/v2\/categories?post=19980"},{"taxonomy":"post_tag","embeddable":true,"href":"https:\/\/www.magisdesign.com\/es\/wp-json\/wp\/v2\/tags?post=19980"}],"curies":[{"name":"wp","href":"https:\/\/api.w.org\/{rel}","templated":true}]}}