{"id":19975,"date":"2010-04-14T12:42:40","date_gmt":"2010-04-14T11:42:40","guid":{"rendered":"http:\/\/magisdesing.com\/\/salone-del-mobile-2010-2\/"},"modified":"2010-04-14T12:42:40","modified_gmt":"2010-04-14T11:42:40","slug":"salone-del-mobile-2010-2","status":"publish","type":"post","link":"https:\/\/www.magisdesign.com\/es\/salone-del-mobile-2010-2\/","title":{"rendered":"Salone del Mobile 2010"},"content":{"rendered":"<p>Durante la semana del design 2010 en Mil\u00e1n, Magis estaba presente, como viene siendo habitual desde hace muchos a\u00f1os en el Salone del Mobile (Hall 12 Stand C01-D02), donde present\u00f3 todos sus nuevos productos del 2010.<\/p>\n","protected":false},"excerpt":{"rendered":"<p>Durante la semana del design 2010 en Mil\u00e1n, Magis estaba presente, como viene siendo habitual desde hace muchos a\u00f1os en el Salone del Mobile (Hall 12 Stand C01-D02), donde present\u00f3 todos sus nuevos productos del 2010.<\/p>\n","protected":false},"author":1,"featured_media":0,"comment_status":"closed","ping_status":"closed","sticky":false,"template":"","format":"standard","meta":{"_acf_changed":false,"footnotes":""},"categories":[70],"tags":[],"class_list":["post-19975","post","type-post","status-publish","format-standard","hentry","category-eventos"],"acf":[],"_links":{"self":[{"href":"https:\/\/www.magisdesign.com\/es\/wp-json\/wp\/v2\/posts\/19975","targetHints":{"allow":["GET"]}}],"collection":[{"href":"https:\/\/www.magisdesign.com\/es\/wp-json\/wp\/v2\/posts"}],"about":[{"href":"https:\/\/www.magisdesign.com\/es\/wp-json\/wp\/v2\/types\/post"}],"author":[{"embeddable":true,"href":"https:\/\/www.magisdesign.com\/es\/wp-json\/wp\/v2\/users\/1"}],"replies":[{"embeddable":true,"href":"https:\/\/www.magisdesign.com\/es\/wp-json\/wp\/v2\/comments?post=19975"}],"version-history":[{"count":0,"href":"https:\/\/www.magisdesign.com\/es\/wp-json\/wp\/v2\/posts\/19975\/revisions"}],"wp:attachment":[{"href":"https:\/\/www.magisdesign.com\/es\/wp-json\/wp\/v2\/media?parent=19975"}],"wp:term":[{"taxonomy":"category","embeddable":true,"href":"https:\/\/www.magisdesign.com\/es\/wp-json\/wp\/v2\/categories?post=19975"},{"taxonomy":"post_tag","embeddable":true,"href":"https:\/\/www.magisdesign.com\/es\/wp-json\/wp\/v2\/tags?post=19975"}],"curies":[{"name":"wp","href":"https:\/\/api.w.org\/{rel}","templated":true}]}}