{"id":72158,"date":"2019-04-02T18:57:45","date_gmt":"2019-04-02T18:57:45","guid":{"rendered":"http:\/\/www.magisdesign.com\/?p=72158"},"modified":"2019-04-04T10:01:37","modified_gmt":"2019-04-04T10:01:37","slug":"magis-auf-der-salone-del-mobile-2019","status":"publish","type":"post","link":"https:\/\/www.magisdesign.com\/de\/magis-auf-der-salone-del-mobile-2019\/","title":{"rendered":"Magis auf der Salone del Mobile 2019"},"content":{"rendered":"<p>Auf der kommenden Salone del Mobile pr\u00e4sentiert sich Magis mit einem beeindruckenden Standkonzept in erneuter Zusammenarbeit mit dem schwedischen Design Studio Note.<\/p>\n<p>Ausgangspunkt f\u00fcr dieses neue Concept, ist die klassische Architektur der reizvollen Innenh\u00f6fe der traditionellen italienischen Palazzi, allen voran des Palazzo Ducale in Venedig. Eine Suche nach Ausdruckskraft und Volumen mit Blick zur\u00fcck in die Vergangenheit, \u00fcber faszinierende architektonische Arrangements um einen zentralen Innenhof &#8211; gro\u00dfz\u00fcgiger und freundlicher Raum f\u00fcr Begegnungen, gleichzeitig aber auch intim und besch\u00fctzend, in seiner modernen Interpretation als heutiger idealer Ort, an dem man gem\u00fctlich beieinander sitzen, reden und diskutieren kann oder einfach nur eine kleine Pause einlegt. Die Farbe des Wassers \u2013 dem verbindenden Element der Lagunenstadt \u2013 dominiert den Stand und erzeugt eine angenehme Ruhe und Klarheit.<\/p>\n<p>Au\u00dferhalb des Messegel\u00e4ndes laden wir Sie gern in unseren Showroom in den Corso Garibaldi 77 zu einer weiteren Installation, kuratiert von Note Design Studio, die Plato, dem neuen Stuhl von Jasper Morrison, gewidmet ist. Press Preview: Montag, 8. April, 15 &#8211; 20 Uhr<\/p>\n<p>Salone del Mobile &#8211; Halle 20, Stand C15 \/ D14 &#8211; Magis Showroom \u2013 Corso Garibaldi 77<\/p>\n<p>Wir freuen uns sehr Sie bei uns zu begr\u00fc\u00dfen!<\/p>\n","protected":false},"excerpt":{"rendered":"<p>Auf der kommenden Salone del Mobile pr\u00e4sentiert sich Magis mit einem beeindruckenden Standkonzept in erneuter Zusammenarbeit mit dem schwedischen Design Studio Note. Ausgangspunkt f\u00fcr dieses neue Concept, ist die klassische Architektur der reizvollen Innenh\u00f6fe der traditionellen italienischen Palazzi, allen voran des Palazzo Ducale in Venedig. Eine Suche nach Ausdruckskraft und Volumen mit Blick zur\u00fcck in&#8230;<\/p>\n","protected":false},"author":3,"featured_media":0,"comment_status":"closed","ping_status":"closed","sticky":false,"template":"","format":"standard","meta":{"_acf_changed":false,"footnotes":""},"categories":[69],"tags":[],"class_list":["post-72158","post","type-post","status-publish","format-standard","hentry","category-events"],"acf":[],"_links":{"self":[{"href":"https:\/\/www.magisdesign.com\/de\/wp-json\/wp\/v2\/posts\/72158","targetHints":{"allow":["GET"]}}],"collection":[{"href":"https:\/\/www.magisdesign.com\/de\/wp-json\/wp\/v2\/posts"}],"about":[{"href":"https:\/\/www.magisdesign.com\/de\/wp-json\/wp\/v2\/types\/post"}],"author":[{"embeddable":true,"href":"https:\/\/www.magisdesign.com\/de\/wp-json\/wp\/v2\/users\/3"}],"replies":[{"embeddable":true,"href":"https:\/\/www.magisdesign.com\/de\/wp-json\/wp\/v2\/comments?post=72158"}],"version-history":[{"count":0,"href":"https:\/\/www.magisdesign.com\/de\/wp-json\/wp\/v2\/posts\/72158\/revisions"}],"wp:attachment":[{"href":"https:\/\/www.magisdesign.com\/de\/wp-json\/wp\/v2\/media?parent=72158"}],"wp:term":[{"taxonomy":"category","embeddable":true,"href":"https:\/\/www.magisdesign.com\/de\/wp-json\/wp\/v2\/categories?post=72158"},{"taxonomy":"post_tag","embeddable":true,"href":"https:\/\/www.magisdesign.com\/de\/wp-json\/wp\/v2\/tags?post=72158"}],"curies":[{"name":"wp","href":"https:\/\/api.w.org\/{rel}","templated":true}]}}