{"id":21800,"date":"2018-09-20T15:04:47","date_gmt":"2018-09-20T15:04:47","guid":{"rendered":"http:\/\/magisdesing.com\/\/tische-mila-jetzt-lieferbar\/"},"modified":"2018-09-20T15:04:47","modified_gmt":"2018-09-20T15:04:47","slug":"tische-mila-jetzt-lieferbar","status":"publish","type":"post","link":"https:\/\/www.magisdesign.com\/de\/tische-mila-jetzt-lieferbar\/","title":{"rendered":"Tische Mil\u00e0: jetzt lieferbar!"},"content":{"rendered":"<p>Aus der Idee, \u201eetwas mit Plastik zu machen, was mit Holz unm\u00f6glich ist\u201c, der Kreativit\u00e4t von Jaime Hay\u00f3n und dem Knowhow von Magis, entstand vor drei Jahren der Stuhl Mil\u00e0.<\/p>\n<p>Biegsam und mehrfach verstellbar, geht er von Formen des Katalanischen Modernismus Ende 19. bis Anfang 20. Jahrhundert aus, der in Antoni Gaud\u00ed seinen herausragenden Vertreter hatte.<\/p>\n<p>Vor allem Casa Mil\u00e0, gemeinsam mit Casa Battl\u00f3, lieferten die Inspiration f\u00fcr einen kreativen Prozess, aus dem schlie\u00dflich der Stuhl Mil\u00e0 von Jaime Hay\u00f3n hervorgegangen ist. Der spanische K\u00fcnstler und Designer entnahm Gaud\u00eds unvergleichlicher, architektonischer Sprache den Begriff einer Form, die nicht bekleidet, sondern die tragende Struktur bildet, von Farben, die nicht \u00fcberdecken, sondern eins sind mit der Form, und \u00fcbertrug ihn auf einen Gebrauchsgegenstand, der so eine k\u00fcnstlerische Ausdruckskraft erh\u00e4lt.<\/p>\n<p>Weiche, dynamische Formen, die sich jetzt auch die Tische Mil\u00e0 aneignen, wobei ihr lackiertes Stahlrohrgestell die geschwungenen Linien annehmen, die f\u00fcr diesen Entwurf charakteristisch sind. Erh\u00e4ltlich in mehreren Gr\u00f6\u00dfen und Farben, Tischplatten aus diversen Materialien &#8211; HPL, furniert Eiche natur, Marmor Carrara, Marquinia oder Emperador sowie in einer Outdoor-Variante -, passen sie perfekt zum gleichnamigen Stuhl. Aber nicht nur, mit den schwerelosen, anpassungsf\u00e4higen Linien f\u00fcgen sie sich attraktiv in jede Einrichtung ein, wo sie frei und spontan die einzigartige, lebensfrohe Natur von Mil\u00e0 zum Ausdruck bringen.<\/p>\n","protected":false},"excerpt":{"rendered":"<p>Aus der Idee, \u201eetwas mit Plastik zu machen, was mit Holz unm\u00f6glich ist\u201c, der Kreativit\u00e4t von Jaime Hay\u00f3n und dem Knowhow von Magis, entstand vor drei Jahren der Stuhl Mil\u00e0. Biegsam und mehrfach verstellbar, geht er von Formen des Katalanischen Modernismus Ende 19. bis Anfang 20. Jahrhundert aus, der in Antoni Gaud\u00ed seinen herausragenden Vertreter&#8230;<\/p>\n","protected":false},"author":3,"featured_media":0,"comment_status":"closed","ping_status":"closed","sticky":false,"template":"","format":"standard","meta":{"_acf_changed":false,"footnotes":""},"categories":[66],"tags":[],"class_list":["post-21800","post","type-post","status-publish","format-standard","hentry","category-disponibili-de"],"acf":[],"_links":{"self":[{"href":"https:\/\/www.magisdesign.com\/de\/wp-json\/wp\/v2\/posts\/21800","targetHints":{"allow":["GET"]}}],"collection":[{"href":"https:\/\/www.magisdesign.com\/de\/wp-json\/wp\/v2\/posts"}],"about":[{"href":"https:\/\/www.magisdesign.com\/de\/wp-json\/wp\/v2\/types\/post"}],"author":[{"embeddable":true,"href":"https:\/\/www.magisdesign.com\/de\/wp-json\/wp\/v2\/users\/3"}],"replies":[{"embeddable":true,"href":"https:\/\/www.magisdesign.com\/de\/wp-json\/wp\/v2\/comments?post=21800"}],"version-history":[{"count":0,"href":"https:\/\/www.magisdesign.com\/de\/wp-json\/wp\/v2\/posts\/21800\/revisions"}],"wp:attachment":[{"href":"https:\/\/www.magisdesign.com\/de\/wp-json\/wp\/v2\/media?parent=21800"}],"wp:term":[{"taxonomy":"category","embeddable":true,"href":"https:\/\/www.magisdesign.com\/de\/wp-json\/wp\/v2\/categories?post=21800"},{"taxonomy":"post_tag","embeddable":true,"href":"https:\/\/www.magisdesign.com\/de\/wp-json\/wp\/v2\/tags?post=21800"}],"curies":[{"name":"wp","href":"https:\/\/api.w.org\/{rel}","templated":true}]}}