{"id":20465,"date":"2012-07-19T16:12:07","date_gmt":"2012-07-19T15:12:07","guid":{"rendered":"http:\/\/magisdesing.com\/\/midsummer-special-design-post-cologne-de\/"},"modified":"2012-07-19T16:12:07","modified_gmt":"2012-07-19T15:12:07","slug":"midsummer-special-design-post-cologne-de","status":"publish","type":"post","link":"https:\/\/www.magisdesign.com\/de\/midsummer-special-design-post-cologne-de\/","title":{"rendered":"Midsummer Special, Design Post, Cologne (de)"},"content":{"rendered":"<p>Am vergangenem 21. Juni fand bei Design Post in K\u00f6ln das Event &#8222;&#8220;Midsummer Special&#8220;&#8220; statt, das Architekten, Designern und Planern gewidmet war und von Stylepark mit der Zusammenarbeit von einigen in der Design Post ans\u00e4ssigen Firmen organisiert wurde, unter anderem Magis.<br \/>\nAb 17 Uhr haben zwei kurze Vortr\u00e4ge \u00fcber Farbe und Akustik im Inneneinrichtung und Architektur und ein Gespr\u00e4ch \u00fcber Design zwischen Thomas Wagner von Stylepark und dem Designer\/Architekt Alfredo H\u00e4berli stattgefunden.<br \/>\nAm Ende des Abends Snacks und Smalltalk auf den Fl\u00e4chen der Ausstellung Magis bei Design Post.<\/p>\n","protected":false},"excerpt":{"rendered":"<p>Am vergangenem 21. Juni fand bei Design Post in K\u00f6ln das Event &#8222;&#8220;Midsummer Special&#8220;&#8220; statt, das Architekten, Designern und Planern gewidmet war und von Stylepark mit der Zusammenarbeit von einigen in der Design Post ans\u00e4ssigen Firmen organisiert wurde, unter anderem Magis. Ab 17 Uhr haben zwei kurze Vortr\u00e4ge \u00fcber Farbe und Akustik im Inneneinrichtung und&#8230;<\/p>\n","protected":false},"author":1,"featured_media":0,"comment_status":"closed","ping_status":"closed","sticky":false,"template":"","format":"standard","meta":{"_acf_changed":false,"footnotes":""},"categories":[69],"tags":[],"class_list":["post-20465","post","type-post","status-publish","format-standard","hentry","category-events"],"acf":[],"_links":{"self":[{"href":"https:\/\/www.magisdesign.com\/de\/wp-json\/wp\/v2\/posts\/20465","targetHints":{"allow":["GET"]}}],"collection":[{"href":"https:\/\/www.magisdesign.com\/de\/wp-json\/wp\/v2\/posts"}],"about":[{"href":"https:\/\/www.magisdesign.com\/de\/wp-json\/wp\/v2\/types\/post"}],"author":[{"embeddable":true,"href":"https:\/\/www.magisdesign.com\/de\/wp-json\/wp\/v2\/users\/1"}],"replies":[{"embeddable":true,"href":"https:\/\/www.magisdesign.com\/de\/wp-json\/wp\/v2\/comments?post=20465"}],"version-history":[{"count":0,"href":"https:\/\/www.magisdesign.com\/de\/wp-json\/wp\/v2\/posts\/20465\/revisions"}],"wp:attachment":[{"href":"https:\/\/www.magisdesign.com\/de\/wp-json\/wp\/v2\/media?parent=20465"}],"wp:term":[{"taxonomy":"category","embeddable":true,"href":"https:\/\/www.magisdesign.com\/de\/wp-json\/wp\/v2\/categories?post=20465"},{"taxonomy":"post_tag","embeddable":true,"href":"https:\/\/www.magisdesign.com\/de\/wp-json\/wp\/v2\/tags?post=20465"}],"curies":[{"name":"wp","href":"https:\/\/api.w.org\/{rel}","templated":true}]}}