{"id":20260,"date":"2011-10-28T09:31:54","date_gmt":"2011-10-28T08:31:54","guid":{"rendered":"http:\/\/magisdesing.com\/\/magis-at-via-milano-new-dutch-design-2011-amsterdam-de\/"},"modified":"2011-10-28T09:31:54","modified_gmt":"2011-10-28T08:31:54","slug":"magis-at-via-milano-new-dutch-design-2011-amsterdam-de","status":"publish","type":"post","link":"https:\/\/www.magisdesign.com\/de\/magis-at-via-milano-new-dutch-design-2011-amsterdam-de\/","title":{"rendered":"Magis at Via Milano New Dutch Design 2011, Amsterdam (de)"},"content":{"rendered":"<p>Das modulares Regal- und Schubkastensystem My Storage (design Ineke Hans) wurde f\u00fcr Via Milano New Dutch Design (23. September \u2013 2. Oktober) ausgew\u00e4hlt, eine Ausstellung, die jedes Jahr w\u00e4hrend der Messe De Woonbeurs in Amsterdam die besten Arbeiten der holl\u00e4ndischen Designer ausstellt, die im Verlauf des Mailander Salone desgleichen Jahres zum ersten Mal vorgestellt wurden.<\/p>\n","protected":false},"excerpt":{"rendered":"<p>Das modulares Regal- und Schubkastensystem My Storage (design Ineke Hans) wurde f\u00fcr Via Milano New Dutch Design (23. September \u2013 2. Oktober) ausgew\u00e4hlt, eine Ausstellung, die jedes Jahr w\u00e4hrend der Messe De Woonbeurs in Amsterdam die besten Arbeiten der holl\u00e4ndischen Designer ausstellt, die im Verlauf des Mailander Salone desgleichen Jahres zum ersten Mal vorgestellt wurden.<\/p>\n","protected":false},"author":1,"featured_media":0,"comment_status":"closed","ping_status":"closed","sticky":false,"template":"","format":"standard","meta":{"_acf_changed":false,"footnotes":""},"categories":[69],"tags":[],"class_list":["post-20260","post","type-post","status-publish","format-standard","hentry","category-events"],"acf":[],"_links":{"self":[{"href":"https:\/\/www.magisdesign.com\/de\/wp-json\/wp\/v2\/posts\/20260","targetHints":{"allow":["GET"]}}],"collection":[{"href":"https:\/\/www.magisdesign.com\/de\/wp-json\/wp\/v2\/posts"}],"about":[{"href":"https:\/\/www.magisdesign.com\/de\/wp-json\/wp\/v2\/types\/post"}],"author":[{"embeddable":true,"href":"https:\/\/www.magisdesign.com\/de\/wp-json\/wp\/v2\/users\/1"}],"replies":[{"embeddable":true,"href":"https:\/\/www.magisdesign.com\/de\/wp-json\/wp\/v2\/comments?post=20260"}],"version-history":[{"count":0,"href":"https:\/\/www.magisdesign.com\/de\/wp-json\/wp\/v2\/posts\/20260\/revisions"}],"wp:attachment":[{"href":"https:\/\/www.magisdesign.com\/de\/wp-json\/wp\/v2\/media?parent=20260"}],"wp:term":[{"taxonomy":"category","embeddable":true,"href":"https:\/\/www.magisdesign.com\/de\/wp-json\/wp\/v2\/categories?post=20260"},{"taxonomy":"post_tag","embeddable":true,"href":"https:\/\/www.magisdesign.com\/de\/wp-json\/wp\/v2\/tags?post=20260"}],"curies":[{"name":"wp","href":"https:\/\/api.w.org\/{rel}","templated":true}]}}