{"id":19981,"date":"2010-04-23T11:41:50","date_gmt":"2010-04-23T10:41:50","guid":{"rendered":"http:\/\/magisdesing.com\/\/magis-and-festivaldellecittaimprese-montebelluna-asolo-tv-22nd-24th-april-de\/"},"modified":"2010-04-23T11:41:50","modified_gmt":"2010-04-23T10:41:50","slug":"magis-and-festivaldellecittaimprese-montebelluna-asolo-tv-22nd-24th-april-de","status":"publish","type":"post","link":"https:\/\/www.magisdesign.com\/de\/magis-and-festivaldellecittaimprese-montebelluna-asolo-tv-22nd-24th-april-de\/","title":{"rendered":"Magis and FestivaldelleCitt\u00e0Imprese, Montebelluna-Asolo (TV), 22nd-24th April (de)"},"content":{"rendered":"<p>&#8222;&#8220;Design als Wettbewerbsfaktor f\u00fcr das Unternehmenr\u201d<br \/>\nOrganisiert von Nordesteuropa.it und vom Corriere della Sera, involviert das \u201eFestival delle Citt\u00e0 Impresa\u201c einige St\u00e4dte als Symbole des Kultur- und Wirtschaftslebens von Veneto, S\u00fcdtirol, und Friuli Venezia Giulia zum Thema  \u201cDie Kultur macht uns reich\u201d als Beitrag zur Bewerbung der Region Nordostitalien zur Europ\u00e4ischen Kulturhauptstadt 2019.<br \/>\nIn Montebelluno und Asolo stht die Veranstaltung unter dem Motto &#8222;&#8220;Design als Konkurrenzfaktor des Unternehmens\u201d. Vom 22. bis 24. April werden die Vertreter der wichtigsten Design-Unternehmen der Region, einigen Designern und verschiedenen Vertretern von Institutionen und Universit\u00e4ten \u00fcber die Beziehungen zwischen Design, Kultur und Unternehmen und zwischen Design, Umwelt und Kommunikation diskutieren.<br \/>\nDas Rathaus von Asolo beherbergt am Freitag, den 23.April zwei runde Tische zum Thema &#8222;&#8220;Beziehung zwischen Kreativit\u00e4t und Produktion&#8220;&#8220;: am ersten Tisch sitzen um 18 Uhr die Unternehmer (unter ihnen auch Eugenio Perazza von Magis); am zweiten ab 21 Uhr die Designer. Das Thema &#8222;&#8220;Design als Wettbewerbsfaktor f\u00fcr das Unternehmen wird so aus zwei unterschiedlichen, aber dennoch sich erg\u00e4nzenden Standpunkten aus betrachtet.<br \/>\nW\u00e4hrend des Festivals wird Magis ebenfalls ein Protagonist einer besonderen, dem zeitgen\u00f6ssischen Design gewidmeten Ausstellung im Stadtmuseum von Asolo sein. Neben Ausgrabungsresten aus der R\u00f6merzeit, den Gem\u00e4lden der Pinakothek, den Sonderausstellungen zu Eleonora Duse und Caterina Cornaro, stellt Magis eine Auswahl der wichtigsten Produkte seiner Kollektion vor. Etwa zehn symbolische Objekte des zeitgen\u00f6ssischen Designs (von Chair_One bis Steelwood Chair, von Chair First bis Vanity Chair, um nur einige zu nennen) werden der klassischen Museumsausstellung zur Seite gestellt, um einen originellen Pfad aus St\u00fchlen, Sesseln und Hockern von international bekannten Designer zu kreieren. Dar\u00fcberhinaus wird Magis auch Teilnehmer des Festivals in Vittorio Veneto sein: das Auditorium und das Atelier der Schule Dante Alighieri, in der die Events und Meetings des Festivals veranstaltet werden, sind mit Magis-Produkten ausgestattet. <\/p>\n","protected":false},"excerpt":{"rendered":"<p>&#8222;&#8220;Design als Wettbewerbsfaktor f\u00fcr das Unternehmenr\u201d Organisiert von Nordesteuropa.it und vom Corriere della Sera, involviert das \u201eFestival delle Citt\u00e0 Impresa\u201c einige St\u00e4dte als Symbole des Kultur- und Wirtschaftslebens von Veneto, S\u00fcdtirol, und Friuli Venezia Giulia zum Thema \u201cDie Kultur macht uns reich\u201d als Beitrag zur Bewerbung der Region Nordostitalien zur Europ\u00e4ischen Kulturhauptstadt 2019. In Montebelluno&#8230;<\/p>\n","protected":false},"author":1,"featured_media":0,"comment_status":"closed","ping_status":"closed","sticky":false,"template":"","format":"standard","meta":{"_acf_changed":false,"footnotes":""},"categories":[69],"tags":[],"class_list":["post-19981","post","type-post","status-publish","format-standard","hentry","category-events"],"acf":[],"_links":{"self":[{"href":"https:\/\/www.magisdesign.com\/de\/wp-json\/wp\/v2\/posts\/19981","targetHints":{"allow":["GET"]}}],"collection":[{"href":"https:\/\/www.magisdesign.com\/de\/wp-json\/wp\/v2\/posts"}],"about":[{"href":"https:\/\/www.magisdesign.com\/de\/wp-json\/wp\/v2\/types\/post"}],"author":[{"embeddable":true,"href":"https:\/\/www.magisdesign.com\/de\/wp-json\/wp\/v2\/users\/1"}],"replies":[{"embeddable":true,"href":"https:\/\/www.magisdesign.com\/de\/wp-json\/wp\/v2\/comments?post=19981"}],"version-history":[{"count":0,"href":"https:\/\/www.magisdesign.com\/de\/wp-json\/wp\/v2\/posts\/19981\/revisions"}],"wp:attachment":[{"href":"https:\/\/www.magisdesign.com\/de\/wp-json\/wp\/v2\/media?parent=19981"}],"wp:term":[{"taxonomy":"category","embeddable":true,"href":"https:\/\/www.magisdesign.com\/de\/wp-json\/wp\/v2\/categories?post=19981"},{"taxonomy":"post_tag","embeddable":true,"href":"https:\/\/www.magisdesign.com\/de\/wp-json\/wp\/v2\/tags?post=19981"}],"curies":[{"name":"wp","href":"https:\/\/api.w.org\/{rel}","templated":true}]}}