{"id":19856,"date":"2009-05-18T18:22:29","date_gmt":"2009-05-18T17:22:29","guid":{"rendered":"http:\/\/magisdesing.com\/\/abitare-talks-design-trial-de\/"},"modified":"2009-05-18T18:22:29","modified_gmt":"2009-05-18T17:22:29","slug":"abitare-talks-design-trial-de","status":"publish","type":"post","link":"https:\/\/www.magisdesign.com\/de\/abitare-talks-design-trial-de\/","title":{"rendered":"Abitare Talks &#8211; Design Trial (de)"},"content":{"rendered":"<p>W\u00e4hrend der gesamten Woche des Salone del Mobili brachte Arbitare, das italienische Design-Magazin Design auf die B\u00fchne &#8211; dabei wurde das Agor\u00e0-Theater des Triennale Design Museums in eine Plattform kritischer Design-Unterhaltung mit Interviews, Gespr\u00e4chen, Pr\u00e4sentationen und Video-Vorf\u00fchrungen umgewandelt. der M\u00f6belmesse hat die Zeitschrift Abitare das Design in Szene gesetzt, indem Sie das als B\u00fchne umfunktioniert hat, wo verschiedene Diskussionen und Meetings \u00fcber zeitgem\u00e4\u00dfes Design stattgefunden haben.  Donnerstag den 23 April wurde der Prozess dem Design in Szene gesetzt: in einem fiktivem Gericht wurden Vor- und Nachteile eines Design-Objektes analysiert und debattiert. Im Mittelpunkt stand der Hocher und Stuhl 360\u00b0 designed von Konstantin Grcic f\u00fcr Magis: der herbeigerufene Designer und Hersteller stellen die zusammengetragenen Beweis-St\u00fccke vor und bewerten diese. Die Anklage wurde ausge\u00fcbt durch den Designer Jonathan Olivares, die Verteidigung durch Paola Antonelli, zust\u00e4ndig f\u00fcr die Abteilung Architektur und Design der MoMA in New York. Auf der Zeugenbank Konstantin Grcic und Eugenio Perazza, Pr\u00e4sident von Magis.<\/p>\n","protected":false},"excerpt":{"rendered":"<p>W\u00e4hrend der gesamten Woche des Salone del Mobili brachte Arbitare, das italienische Design-Magazin Design auf die B\u00fchne &#8211; dabei wurde das Agor\u00e0-Theater des Triennale Design Museums in eine Plattform kritischer Design-Unterhaltung mit Interviews, Gespr\u00e4chen, Pr\u00e4sentationen und Video-Vorf\u00fchrungen umgewandelt. der M\u00f6belmesse hat die Zeitschrift Abitare das Design in Szene gesetzt, indem Sie das als B\u00fchne umfunktioniert&#8230;<\/p>\n","protected":false},"author":1,"featured_media":0,"comment_status":"closed","ping_status":"closed","sticky":false,"template":"","format":"standard","meta":{"_acf_changed":false,"footnotes":""},"categories":[77],"tags":[],"class_list":["post-19856","post","type-post","status-publish","format-standard","hentry","category-presse"],"acf":[],"_links":{"self":[{"href":"https:\/\/www.magisdesign.com\/de\/wp-json\/wp\/v2\/posts\/19856","targetHints":{"allow":["GET"]}}],"collection":[{"href":"https:\/\/www.magisdesign.com\/de\/wp-json\/wp\/v2\/posts"}],"about":[{"href":"https:\/\/www.magisdesign.com\/de\/wp-json\/wp\/v2\/types\/post"}],"author":[{"embeddable":true,"href":"https:\/\/www.magisdesign.com\/de\/wp-json\/wp\/v2\/users\/1"}],"replies":[{"embeddable":true,"href":"https:\/\/www.magisdesign.com\/de\/wp-json\/wp\/v2\/comments?post=19856"}],"version-history":[{"count":0,"href":"https:\/\/www.magisdesign.com\/de\/wp-json\/wp\/v2\/posts\/19856\/revisions"}],"wp:attachment":[{"href":"https:\/\/www.magisdesign.com\/de\/wp-json\/wp\/v2\/media?parent=19856"}],"wp:term":[{"taxonomy":"category","embeddable":true,"href":"https:\/\/www.magisdesign.com\/de\/wp-json\/wp\/v2\/categories?post=19856"},{"taxonomy":"post_tag","embeddable":true,"href":"https:\/\/www.magisdesign.com\/de\/wp-json\/wp\/v2\/tags?post=19856"}],"curies":[{"name":"wp","href":"https:\/\/api.w.org\/{rel}","templated":true}]}}