{"id":145735,"date":"2023-03-30T10:11:13","date_gmt":"2023-03-30T10:11:13","guid":{"rendered":"https:\/\/www.magisdesign.com\/?p=145735"},"modified":"2023-03-31T12:38:20","modified_gmt":"2023-03-31T12:38:20","slug":"ready-for-summer-with-the-2023-outdoor-news-2","status":"publish","type":"post","link":"https:\/\/www.magisdesign.com\/de\/ready-for-summer-with-the-2023-outdoor-news-2\/","title":{"rendered":"<strong>JETZT ERH\u00c4LTLICH: DAS REGAL OFFICINA<\/strong>"},"content":{"rendered":"\n<p>Die handwerklich gefertigte Struktur aus <strong>Schmiedeeisen<\/strong> \u2013 das Erkennungszeichen der Kollektion \u2013 tr\u00e4gt Regalb\u00f6den mit <strong>Nussbaum-Finish<\/strong> oder <strong>schwarzer Oberfl\u00e4che <\/strong>und interpretiert eine alte Technik auf zeitgem\u00e4\u00dfe Weise.<\/p>\n\n\n\n<p>Die Regale sind ein oder zwei Meter lang, das kleinere ist auch mit einer <strong>Schreibplatte<\/strong> erh\u00e4ltlich.<\/p>\n\n\n\n<p><strong><a href=\"https:\/\/www.magisdesign.com\/de\/product\/officinabookcase\/\">Erfahren Sie mehr \u00fcber das Regal Officina<\/a><\/strong><\/p>\n","protected":false},"excerpt":{"rendered":"<p>Die Kollektion Officina erweitert sich um dieses neue Wandregal, das sich durch seine schlichte Linien und hohe Funktionalit\u00e4t auszeichnet und eine elegante L\u00f6sung sowie viel Platz f\u00fcr B\u00fccher und andere Gegenst\u00e4nde bietet.<\/p>\n","protected":false},"author":3,"featured_media":0,"comment_status":"closed","ping_status":"closed","sticky":false,"template":"","format":"standard","meta":{"_acf_changed":false,"footnotes":""},"categories":[66],"tags":[],"class_list":["post-145735","post","type-post","status-publish","format-standard","hentry","category-disponibili-de"],"acf":[],"_links":{"self":[{"href":"https:\/\/www.magisdesign.com\/de\/wp-json\/wp\/v2\/posts\/145735","targetHints":{"allow":["GET"]}}],"collection":[{"href":"https:\/\/www.magisdesign.com\/de\/wp-json\/wp\/v2\/posts"}],"about":[{"href":"https:\/\/www.magisdesign.com\/de\/wp-json\/wp\/v2\/types\/post"}],"author":[{"embeddable":true,"href":"https:\/\/www.magisdesign.com\/de\/wp-json\/wp\/v2\/users\/3"}],"replies":[{"embeddable":true,"href":"https:\/\/www.magisdesign.com\/de\/wp-json\/wp\/v2\/comments?post=145735"}],"version-history":[{"count":0,"href":"https:\/\/www.magisdesign.com\/de\/wp-json\/wp\/v2\/posts\/145735\/revisions"}],"wp:attachment":[{"href":"https:\/\/www.magisdesign.com\/de\/wp-json\/wp\/v2\/media?parent=145735"}],"wp:term":[{"taxonomy":"category","embeddable":true,"href":"https:\/\/www.magisdesign.com\/de\/wp-json\/wp\/v2\/categories?post=145735"},{"taxonomy":"post_tag","embeddable":true,"href":"https:\/\/www.magisdesign.com\/de\/wp-json\/wp\/v2\/tags?post=145735"}],"curies":[{"name":"wp","href":"https:\/\/api.w.org\/{rel}","templated":true}]}}